{"id":5221,"date":"2022-03-31T23:29:00","date_gmt":"2022-03-31T22:29:00","guid":{"rendered":"https:\/\/despensafranciscana.com\/?p=5221"},"modified":"2025-03-05T09:53:55","modified_gmt":"2025-03-05T09:53:55","slug":"tudo-isto-existetudo-isto-e-fago","status":"publish","type":"post","link":"https:\/\/despensafranciscana.com\/es\/2022\/03\/31\/tudo-isto-existetudo-isto-e-fago\/","title":{"rendered":"Espa\u00e7o FAGO, en Marv\u00e3o"},"content":{"rendered":"<p>Viajamos a Marv\u00e3o para descubrir Fago, un proyecto que comenz\u00f3 de forma totalmente inesperada. Antes de convertirse en el chef Jos\u00e9 Diogo Branco, Diogo, uno de los propietarios, era estudiante de medicina en Coimbra. Sent\u00eda una gran pasi\u00f3n por lo que hac\u00eda y le encantaba ayudar a la gente, pero... sent\u00eda que no estaba satisfecho y necesitaba un cambio en su vida. Fue entonces cuando, en 2016, Diogo decidi\u00f3 mudarse a Marv\u00e3o y cambi\u00f3 los Hospitales Universitarios de Coimbra por la Escuela de Hosteler\u00eda y Turismo de Portalegre, realizando el curso de Gesti\u00f3n y Producci\u00f3n de Cocina. Podemos decir que fue un verdadero cambio, de la medicina a los \"cacharros\". Durante el curso, y por iniciativa propia, Diogo hizo sus pr\u00e1cticas de fin de curso en el 108, un restaurante del grupo Noma de Copenhague, dirigido por el chef Ren\u00e9 Redzepi. Despu\u00e9s trabaj\u00f3 una temporada con el chef Thorsten Gillert en Hamburgo y regres\u00f3 a Marv\u00e3o.<\/p>\n\n\n\n<p>Daniel, el otro propietario de Fago, tambi\u00e9n estudi\u00f3 en Coimbra, donde realiz\u00f3 un m\u00e1ster en Estudios Art\u00edsticos. Al principio, trabaj\u00f3 m\u00e1s en el mundo empresarial que en el art\u00edstico. Nos cont\u00f3 que divid\u00eda su trabajo como director comercial con colaboraciones ocasionales en publicaciones del \u00e1mbito de la cr\u00edtica teatral y cinematogr\u00e1fica. Tras el golpe de la crisis financiera en 2013, decidi\u00f3 volver a Marv\u00e3o y se dedic\u00f3 a reconstruir su casa familiar en la aldea de Galegos, transform\u00e1ndola en Casa dos Galegos, un alojamiento local cerca de Marv\u00e3o y pr\u00f3ximo a la frontera espa\u00f1ola.<\/p>\n\n\n\n<p>A su regreso a Marv\u00e3o, retaron a una amiga que tambi\u00e9n se hab\u00eda mudado recientemente all\u00ed y estaba construyendo un proyecto de alojamiento tambi\u00e9n situado en la aldea de Galegos. Fue entonces, en 2018, en casa de su amiga Carla, cuando crearon el Club Gastron\u00f3mico Galegos. La idea era invitar de manera informal a algunos amigos a sentarse con ellos a la mesa los fines de semana. Poco despu\u00e9s, todav\u00eda en 2018, en Casa dos Galegos, empezaron a organizar cenas tem\u00e1ticas, en una primera serie que llamaron \"Petiscos Pedidos\", un juego de palabras con los famosos discos pedidos en la radio. La idea era que la gente se apuntase a las cenas y eligiese un plato o un ingrediente que le gustase mucho o le marcase de alguna manera. Diogo confeccionaba entonces un men\u00fa al estilo de una \"comida de siete platos\", intentando integrar todas estas peticiones para que todos los invitados pudieran compartir juntos esta experiencia gastron\u00f3mica.<\/p>\n\n\n\n<p>Pas\u00f3 el tiempo, los invitados se convirtieron en amigos y clientes habituales y, con todo ello, aument\u00f3 la frecuencia de estas cenas. Despu\u00e9s de los \"Petiscos Pedidos\", pasaron a una segunda serie, llamada \"Isto n\u00e3o \u00e9...\", inspirada en \"A trai\u00e7\u00e3o das Imagens\" (\"Ceci n'est pas une pipe\"), del pintor surrealista Ren\u00e9 Magritte, y en los viajes que realizaron: Abu Dhabi, Espa\u00f1a, Inglaterra, Italia, Francia... la idea era proponer men\u00fas que fueran un minitour por estos destinos gastron\u00f3micos, sin moverse de las mesas del peque\u00f1o sal\u00f3n de una de las casas de hu\u00e9spedes de Casa dos Galegos, que prepararon para acoger a un m\u00e1ximo de 16 comensales cada noche.<\/p>\n\n\n\n<p>En marzo de 2020, se vieron obligados a interrumpir la serie debido al estallido de la pandemia. Se reinventaron y, como la gente ya no pod\u00eda acudir a ellos, \u00a1pensaron en una forma de llevarles fagos! As\u00ed que pasaron a una tercera serie y a una tercera fase: \"Todo esto es fago - ENTREGA Y RECOGIDA\". En esta fase, la gente se reclu\u00eda en sus casas y muchos se acostumbraron a recibir Fago cada semana.<\/p>\n\n\n\n<p>Tras esta fase, empezaron a pensar seriamente en abrir su propio espacio permanente de Fago, en forma de restaurante, en Marv\u00e3o. La idea dio lugar a este espacio, donde dedicaron el resto de la pandemia y los sucesivos encierros a llevar a cabo la obra. Este proyecto abri\u00f3 sus puertas en octubre de 2021 y tiene similitudes con la Casa dos Galegos, en el sentido de que acogen a la gente como si fuera su propio comedor. Hay un enorme deseo de seguir explorando todas las posibilidades gastron\u00f3micas con ingredientes locales y de temporada, para hacer feliz a la gente, con sencillez y creatividad. Han creado un espacio que a ellos mismos les gustar\u00eda frecuentar, sin tener que salir de Marv\u00e3o. Un lugar para todos, sin formalidades ni l\u00edmites de tiempo, donde las personas y los ingredientes de la mejor calidad posible son los protagonistas.<\/p>\n\n\n\n<p>La Despensa Franciscana fue a visitar este lugar y, desde luego, fue como llegar a casa y tener la oportunidad de sentir el arte de la hospitalidad de los anfitriones, con una amabilidad extrema, donde las risas formaban parte de la comida. Cada plato es un verdadero descubrimiento para los sentidos, donde es imposible permanecer indiferente a todas las experiencias. Al final de cada comida, los clientes tienen la oportunidad de probar una Ginjinha Franciscana.<\/p>\n\n\n\n<p>El men\u00fa cambia con frecuencia, seg\u00fan la estacionalidad y la disponibilidad de los productos, y puede consultarse en el sitio web de Fago. No deje de visitar este local en pleno centro de Marv\u00e3o. Daniel, Diogo, Sara y Maria le esperan.<\/p>\n\n\n\n<hr class=\"wp-block-separator has-css-opacity\"\/>\n\n\n\n<p class=\"has-small-font-size\"><strong>Contactos:<\/strong><\/p>\n\n\n\n<p class=\"has-small-font-size\">Travessa da Pra\u00e7a 2A<br>7330-124 Marv\u00e3o<br>Tel. 245 089 057 <br>Correo electr\u00f3nico para reservas: <a rel=\"noreferrer noopener\" href=\"mailto:\" target=\"_blank\">fago@fagomarvao.com<\/a><br><\/p>\n\n\n\n<hr class=\"wp-block-separator has-css-opacity\"\/>\n\n\n\n<div class=\"wp-block-jetpack-slideshow aligncenter\" data-effect=\"slide\"><div class=\"wp-block-jetpack-slideshow_container swiper-container\"><ul class=\"wp-block-jetpack-slideshow_swiper-wrapper swiper-wrapper\"><li class=\"wp-block-jetpack-slideshow_slide swiper-slide\"><figure><img decoding=\"async\" width=\"768\" height=\"1024\" alt=\"\" class=\"wp-block-jetpack-slideshow_image wp-image-5244\" data-id=\"5244\" src=\"https:\/\/despensafranciscana.com\/wp-content\/uploads\/2022\/03\/Foto15_Fago-768x1024.jpeg\" srcset=\"https:\/\/despensafranciscana.com\/wp-content\/uploads\/2022\/03\/Foto15_Fago-768x1024.jpeg 768w, https:\/\/despensafranciscana.com\/wp-content\/uploads\/2022\/03\/Foto15_Fago-800x1067.jpeg 800w, https:\/\/despensafranciscana.com\/wp-content\/uploads\/2022\/03\/Foto15_Fago-225x300.jpeg 225w, https:\/\/despensafranciscana.com\/wp-content\/uploads\/2022\/03\/Foto15_Fago-1152x1536.jpeg 1152w, https:\/\/despensafranciscana.com\/wp-content\/uploads\/2022\/03\/Foto15_Fago-9x12.jpeg 9w, https:\/\/despensafranciscana.com\/wp-content\/uploads\/2022\/03\/Foto15_Fago-600x800.jpeg 600w, https:\/\/despensafranciscana.com\/wp-content\/uploads\/2022\/03\/Foto15_Fago-300x400.jpeg 300w, https:\/\/despensafranciscana.com\/wp-content\/uploads\/2022\/03\/Foto15_Fago.jpeg 1536w\" sizes=\"(max-width: 768px) 100vw, 768px\" \/><\/figure><\/li><li class=\"wp-block-jetpack-slideshow_slide swiper-slide\"><figure><img decoding=\"async\" width=\"1024\" height=\"768\" alt=\"\" class=\"wp-block-jetpack-slideshow_image wp-image-5243\" data-id=\"5243\" src=\"https:\/\/despensafranciscana.com\/wp-content\/uploads\/2022\/03\/Foto20_Fago-1024x768.jpeg\" srcset=\"https:\/\/despensafranciscana.com\/wp-content\/uploads\/2022\/03\/Foto20_Fago-1024x768.jpeg 1024w, https:\/\/despensafranciscana.com\/wp-content\/uploads\/2022\/03\/Foto20_Fago-800x600.jpeg 800w, https:\/\/despensafranciscana.com\/wp-content\/uploads\/2022\/03\/Foto20_Fago-300x225.jpeg 300w, https:\/\/despensafranciscana.com\/wp-content\/uploads\/2022\/03\/Foto20_Fago-768x576.jpeg 768w, https:\/\/despensafranciscana.com\/wp-content\/uploads\/2022\/03\/Foto20_Fago-1536x1152.jpeg 1536w, https:\/\/despensafranciscana.com\/wp-content\/uploads\/2022\/03\/Foto20_Fago-16x12.jpeg 16w, https:\/\/despensafranciscana.com\/wp-content\/uploads\/2022\/03\/Foto20_Fago-600x450.jpeg 600w, https:\/\/despensafranciscana.com\/wp-content\/uploads\/2022\/03\/Foto20_Fago.jpeg 2048w\" sizes=\"(max-width: 1024px) 100vw, 1024px\" \/><\/figure><\/li><li class=\"wp-block-jetpack-slideshow_slide swiper-slide\"><figure><img decoding=\"async\" width=\"768\" height=\"1024\" alt=\"\" class=\"wp-block-jetpack-slideshow_image wp-image-5242\" data-id=\"5242\" src=\"https:\/\/despensafranciscana.com\/wp-content\/uploads\/2022\/03\/Foto19_Fago-768x1024.jpeg\" srcset=\"https:\/\/despensafranciscana.com\/wp-content\/uploads\/2022\/03\/Foto19_Fago-768x1024.jpeg 768w, https:\/\/despensafranciscana.com\/wp-content\/uploads\/2022\/03\/Foto19_Fago-800x1067.jpeg 800w, https:\/\/despensafranciscana.com\/wp-content\/uploads\/2022\/03\/Foto19_Fago-225x300.jpeg 225w, https:\/\/despensafranciscana.com\/wp-content\/uploads\/2022\/03\/Foto19_Fago-1152x1536.jpeg 1152w, https:\/\/despensafranciscana.com\/wp-content\/uploads\/2022\/03\/Foto19_Fago-9x12.jpeg 9w, https:\/\/despensafranciscana.com\/wp-content\/uploads\/2022\/03\/Foto19_Fago-600x800.jpeg 600w, https:\/\/despensafranciscana.com\/wp-content\/uploads\/2022\/03\/Foto19_Fago-300x400.jpeg 300w, https:\/\/despensafranciscana.com\/wp-content\/uploads\/2022\/03\/Foto19_Fago.jpeg 1536w\" sizes=\"(max-width: 768px) 100vw, 768px\" \/><\/figure><\/li><li class=\"wp-block-jetpack-slideshow_slide swiper-slide\"><figure><img decoding=\"async\" width=\"1024\" height=\"768\" alt=\"\" class=\"wp-block-jetpack-slideshow_image wp-image-5241\" data-id=\"5241\" src=\"https:\/\/despensafranciscana.com\/wp-content\/uploads\/2022\/03\/Foto14_Fago-1024x768.jpeg\" srcset=\"https:\/\/despensafranciscana.com\/wp-content\/uploads\/2022\/03\/Foto14_Fago-1024x768.jpeg 1024w, https:\/\/despensafranciscana.com\/wp-content\/uploads\/2022\/03\/Foto14_Fago-800x600.jpeg 800w, https:\/\/despensafranciscana.com\/wp-content\/uploads\/2022\/03\/Foto14_Fago-300x225.jpeg 300w, https:\/\/despensafranciscana.com\/wp-content\/uploads\/2022\/03\/Foto14_Fago-768x576.jpeg 768w, https:\/\/despensafranciscana.com\/wp-content\/uploads\/2022\/03\/Foto14_Fago-1536x1152.jpeg 1536w, https:\/\/despensafranciscana.com\/wp-content\/uploads\/2022\/03\/Foto14_Fago-16x12.jpeg 16w, https:\/\/despensafranciscana.com\/wp-content\/uploads\/2022\/03\/Foto14_Fago-600x450.jpeg 600w, https:\/\/despensafranciscana.com\/wp-content\/uploads\/2022\/03\/Foto14_Fago.jpeg 2048w\" sizes=\"(max-width: 1024px) 100vw, 1024px\" \/><\/figure><\/li><li class=\"wp-block-jetpack-slideshow_slide swiper-slide\"><figure><img decoding=\"async\" width=\"768\" height=\"1024\" alt=\"\" class=\"wp-block-jetpack-slideshow_image wp-image-5235\" data-id=\"5235\" src=\"https:\/\/despensafranciscana.com\/wp-content\/uploads\/2022\/03\/Foto8_Fago-768x1024.jpg\" srcset=\"https:\/\/despensafranciscana.com\/wp-content\/uploads\/2022\/03\/Foto8_Fago-768x1024.jpg 768w, https:\/\/despensafranciscana.com\/wp-content\/uploads\/2022\/03\/Foto8_Fago-800x1067.jpg 800w, https:\/\/despensafranciscana.com\/wp-content\/uploads\/2022\/03\/Foto8_Fago-225x300.jpg 225w, https:\/\/despensafranciscana.com\/wp-content\/uploads\/2022\/03\/Foto8_Fago-1152x1536.jpg 1152w, https:\/\/despensafranciscana.com\/wp-content\/uploads\/2022\/03\/Foto8_Fago-9x12.jpg 9w, https:\/\/despensafranciscana.com\/wp-content\/uploads\/2022\/03\/Foto8_Fago-600x800.jpg 600w, https:\/\/despensafranciscana.com\/wp-content\/uploads\/2022\/03\/Foto8_Fago-300x400.jpg 300w, https:\/\/despensafranciscana.com\/wp-content\/uploads\/2022\/03\/Foto8_Fago.jpg 1512w\" sizes=\"(max-width: 768px) 100vw, 768px\" \/><\/figure><\/li><li class=\"wp-block-jetpack-slideshow_slide swiper-slide\"><figure><img decoding=\"async\" width=\"768\" height=\"1024\" alt=\"\" class=\"wp-block-jetpack-slideshow_image wp-image-5236\" data-id=\"5236\" src=\"https:\/\/despensafranciscana.com\/wp-content\/uploads\/2022\/03\/Foto2_Fago-768x1024.jpg\" srcset=\"https:\/\/despensafranciscana.com\/wp-content\/uploads\/2022\/03\/Foto2_Fago-768x1024.jpg 768w, https:\/\/despensafranciscana.com\/wp-content\/uploads\/2022\/03\/Foto2_Fago-800x1067.jpg 800w, https:\/\/despensafranciscana.com\/wp-content\/uploads\/2022\/03\/Foto2_Fago-225x300.jpg 225w, https:\/\/despensafranciscana.com\/wp-content\/uploads\/2022\/03\/Foto2_Fago-1152x1536.jpg 1152w, https:\/\/despensafranciscana.com\/wp-content\/uploads\/2022\/03\/Foto2_Fago-9x12.jpg 9w, https:\/\/despensafranciscana.com\/wp-content\/uploads\/2022\/03\/Foto2_Fago-600x800.jpg 600w, https:\/\/despensafranciscana.com\/wp-content\/uploads\/2022\/03\/Foto2_Fago-300x400.jpg 300w, https:\/\/despensafranciscana.com\/wp-content\/uploads\/2022\/03\/Foto2_Fago.jpg 1512w\" sizes=\"(max-width: 768px) 100vw, 768px\" \/><\/figure><\/li><li class=\"wp-block-jetpack-slideshow_slide swiper-slide\"><figure><img decoding=\"async\" width=\"768\" height=\"1024\" alt=\"\" class=\"wp-block-jetpack-slideshow_image wp-image-5237\" data-id=\"5237\" src=\"https:\/\/despensafranciscana.com\/wp-content\/uploads\/2022\/03\/Foto10_Fago-768x1024.jpg\" srcset=\"https:\/\/despensafranciscana.com\/wp-content\/uploads\/2022\/03\/Foto10_Fago-768x1024.jpg 768w, https:\/\/despensafranciscana.com\/wp-content\/uploads\/2022\/03\/Foto10_Fago-800x1067.jpg 800w, https:\/\/despensafranciscana.com\/wp-content\/uploads\/2022\/03\/Foto10_Fago-225x300.jpg 225w, https:\/\/despensafranciscana.com\/wp-content\/uploads\/2022\/03\/Foto10_Fago-1152x1536.jpg 1152w, https:\/\/despensafranciscana.com\/wp-content\/uploads\/2022\/03\/Foto10_Fago-9x12.jpg 9w, https:\/\/despensafranciscana.com\/wp-content\/uploads\/2022\/03\/Foto10_Fago-600x800.jpg 600w, https:\/\/despensafranciscana.com\/wp-content\/uploads\/2022\/03\/Foto10_Fago-300x400.jpg 300w, https:\/\/despensafranciscana.com\/wp-content\/uploads\/2022\/03\/Foto10_Fago.jpg 1512w\" sizes=\"(max-width: 768px) 100vw, 768px\" \/><\/figure><\/li><li class=\"wp-block-jetpack-slideshow_slide swiper-slide\"><figure><img decoding=\"async\" width=\"768\" height=\"1024\" alt=\"\" class=\"wp-block-jetpack-slideshow_image wp-image-5239\" data-id=\"5239\" src=\"https:\/\/despensafranciscana.com\/wp-content\/uploads\/2022\/03\/Foto12_Fago-768x1024.jpg\" srcset=\"https:\/\/despensafranciscana.com\/wp-content\/uploads\/2022\/03\/Foto12_Fago-768x1024.jpg 768w, https:\/\/despensafranciscana.com\/wp-content\/uploads\/2022\/03\/Foto12_Fago-800x1067.jpg 800w, https:\/\/despensafranciscana.com\/wp-content\/uploads\/2022\/03\/Foto12_Fago-225x300.jpg 225w, https:\/\/despensafranciscana.com\/wp-content\/uploads\/2022\/03\/Foto12_Fago-1152x1536.jpg 1152w, https:\/\/despensafranciscana.com\/wp-content\/uploads\/2022\/03\/Foto12_Fago-9x12.jpg 9w, https:\/\/despensafranciscana.com\/wp-content\/uploads\/2022\/03\/Foto12_Fago-600x800.jpg 600w, https:\/\/despensafranciscana.com\/wp-content\/uploads\/2022\/03\/Foto12_Fago-300x400.jpg 300w, https:\/\/despensafranciscana.com\/wp-content\/uploads\/2022\/03\/Foto12_Fago.jpg 1512w\" sizes=\"(max-width: 768px) 100vw, 768px\" \/><\/figure><\/li><li class=\"wp-block-jetpack-slideshow_slide swiper-slide\"><figure><img decoding=\"async\" width=\"768\" height=\"1024\" alt=\"\" class=\"wp-block-jetpack-slideshow_image wp-image-5238\" data-id=\"5238\" src=\"https:\/\/despensafranciscana.com\/wp-content\/uploads\/2022\/03\/Foto11_Fago-768x1024.jpg\" srcset=\"https:\/\/despensafranciscana.com\/wp-content\/uploads\/2022\/03\/Foto11_Fago-768x1024.jpg 768w, https:\/\/despensafranciscana.com\/wp-content\/uploads\/2022\/03\/Foto11_Fago-800x1067.jpg 800w, https:\/\/despensafranciscana.com\/wp-content\/uploads\/2022\/03\/Foto11_Fago-225x300.jpg 225w, https:\/\/despensafranciscana.com\/wp-content\/uploads\/2022\/03\/Foto11_Fago-1152x1536.jpg 1152w, https:\/\/despensafranciscana.com\/wp-content\/uploads\/2022\/03\/Foto11_Fago-9x12.jpg 9w, https:\/\/despensafranciscana.com\/wp-content\/uploads\/2022\/03\/Foto11_Fago-600x800.jpg 600w, https:\/\/despensafranciscana.com\/wp-content\/uploads\/2022\/03\/Foto11_Fago-300x400.jpg 300w, https:\/\/despensafranciscana.com\/wp-content\/uploads\/2022\/03\/Foto11_Fago.jpg 1512w\" sizes=\"(max-width: 768px) 100vw, 768px\" \/><\/figure><\/li><li class=\"wp-block-jetpack-slideshow_slide swiper-slide\"><figure><img decoding=\"async\" width=\"768\" height=\"1024\" alt=\"\" class=\"wp-block-jetpack-slideshow_image wp-image-5234\" data-id=\"5234\" src=\"https:\/\/despensafranciscana.com\/wp-content\/uploads\/2022\/03\/Foto17_Fago-768x1024.jpg\" srcset=\"https:\/\/despensafranciscana.com\/wp-content\/uploads\/2022\/03\/Foto17_Fago-768x1024.jpg 768w, https:\/\/despensafranciscana.com\/wp-content\/uploads\/2022\/03\/Foto17_Fago-800x1067.jpg 800w, https:\/\/despensafranciscana.com\/wp-content\/uploads\/2022\/03\/Foto17_Fago-225x300.jpg 225w, https:\/\/despensafranciscana.com\/wp-content\/uploads\/2022\/03\/Foto17_Fago-1152x1536.jpg 1152w, https:\/\/despensafranciscana.com\/wp-content\/uploads\/2022\/03\/Foto17_Fago-9x12.jpg 9w, https:\/\/despensafranciscana.com\/wp-content\/uploads\/2022\/03\/Foto17_Fago-600x800.jpg 600w, https:\/\/despensafranciscana.com\/wp-content\/uploads\/2022\/03\/Foto17_Fago-300x400.jpg 300w, https:\/\/despensafranciscana.com\/wp-content\/uploads\/2022\/03\/Foto17_Fago.jpg 1512w\" sizes=\"(max-width: 768px) 100vw, 768px\" \/><\/figure><\/li><li class=\"wp-block-jetpack-slideshow_slide swiper-slide\"><figure><img decoding=\"async\" width=\"768\" height=\"1024\" alt=\"\" class=\"wp-block-jetpack-slideshow_image wp-image-5233\" data-id=\"5233\" src=\"https:\/\/despensafranciscana.com\/wp-content\/uploads\/2022\/03\/Foto13_Fago-768x1024.jpeg\" srcset=\"https:\/\/despensafranciscana.com\/wp-content\/uploads\/2022\/03\/Foto13_Fago-768x1024.jpeg 768w, https:\/\/despensafranciscana.com\/wp-content\/uploads\/2022\/03\/Foto13_Fago-800x1067.jpeg 800w, https:\/\/despensafranciscana.com\/wp-content\/uploads\/2022\/03\/Foto13_Fago-225x300.jpeg 225w, https:\/\/despensafranciscana.com\/wp-content\/uploads\/2022\/03\/Foto13_Fago-1152x1536.jpeg 1152w, https:\/\/despensafranciscana.com\/wp-content\/uploads\/2022\/03\/Foto13_Fago-9x12.jpeg 9w, https:\/\/despensafranciscana.com\/wp-content\/uploads\/2022\/03\/Foto13_Fago-600x800.jpeg 600w, https:\/\/despensafranciscana.com\/wp-content\/uploads\/2022\/03\/Foto13_Fago-300x400.jpeg 300w, https:\/\/despensafranciscana.com\/wp-content\/uploads\/2022\/03\/Foto13_Fago.jpeg 1536w\" sizes=\"(max-width: 768px) 100vw, 768px\" \/><\/figure><\/li><li class=\"wp-block-jetpack-slideshow_slide swiper-slide\"><figure><img decoding=\"async\" width=\"768\" height=\"1024\" alt=\"\" class=\"wp-block-jetpack-slideshow_image wp-image-5232\" data-id=\"5232\" src=\"https:\/\/despensafranciscana.com\/wp-content\/uploads\/2022\/03\/Foto1_Fago-768x1024.jpg\" srcset=\"https:\/\/despensafranciscana.com\/wp-content\/uploads\/2022\/03\/Foto1_Fago-768x1024.jpg 768w, https:\/\/despensafranciscana.com\/wp-content\/uploads\/2022\/03\/Foto1_Fago-800x1067.jpg 800w, https:\/\/despensafranciscana.com\/wp-content\/uploads\/2022\/03\/Foto1_Fago-225x300.jpg 225w, https:\/\/despensafranciscana.com\/wp-content\/uploads\/2022\/03\/Foto1_Fago-1152x1536.jpg 1152w, https:\/\/despensafranciscana.com\/wp-content\/uploads\/2022\/03\/Foto1_Fago-9x12.jpg 9w, https:\/\/despensafranciscana.com\/wp-content\/uploads\/2022\/03\/Foto1_Fago-600x800.jpg 600w, https:\/\/despensafranciscana.com\/wp-content\/uploads\/2022\/03\/Foto1_Fago-300x400.jpg 300w, https:\/\/despensafranciscana.com\/wp-content\/uploads\/2022\/03\/Foto1_Fago.jpg 1512w\" sizes=\"(max-width: 768px) 100vw, 768px\" \/><\/figure><\/li><li class=\"wp-block-jetpack-slideshow_slide swiper-slide\"><figure><img decoding=\"async\" width=\"768\" height=\"1024\" alt=\"\" class=\"wp-block-jetpack-slideshow_image wp-image-5231\" data-id=\"5231\" src=\"https:\/\/despensafranciscana.com\/wp-content\/uploads\/2022\/03\/Foto4_Fago-768x1024.jpg\" srcset=\"https:\/\/despensafranciscana.com\/wp-content\/uploads\/2022\/03\/Foto4_Fago-768x1024.jpg 768w, https:\/\/despensafranciscana.com\/wp-content\/uploads\/2022\/03\/Foto4_Fago-800x1067.jpg 800w, https:\/\/despensafranciscana.com\/wp-content\/uploads\/2022\/03\/Foto4_Fago-225x300.jpg 225w, https:\/\/despensafranciscana.com\/wp-content\/uploads\/2022\/03\/Foto4_Fago-1152x1536.jpg 1152w, https:\/\/despensafranciscana.com\/wp-content\/uploads\/2022\/03\/Foto4_Fago-9x12.jpg 9w, https:\/\/despensafranciscana.com\/wp-content\/uploads\/2022\/03\/Foto4_Fago-600x800.jpg 600w, https:\/\/despensafranciscana.com\/wp-content\/uploads\/2022\/03\/Foto4_Fago-300x400.jpg 300w, https:\/\/despensafranciscana.com\/wp-content\/uploads\/2022\/03\/Foto4_Fago.jpg 1512w\" sizes=\"(max-width: 768px) 100vw, 768px\" \/><\/figure><\/li><li class=\"wp-block-jetpack-slideshow_slide swiper-slide\"><figure><img decoding=\"async\" width=\"768\" height=\"1024\" alt=\"\" class=\"wp-block-jetpack-slideshow_image wp-image-5230\" data-id=\"5230\" src=\"https:\/\/despensafranciscana.com\/wp-content\/uploads\/2022\/03\/Foto5_Fago-768x1024.jpg\" srcset=\"https:\/\/despensafranciscana.com\/wp-content\/uploads\/2022\/03\/Foto5_Fago-768x1024.jpg 768w, https:\/\/despensafranciscana.com\/wp-content\/uploads\/2022\/03\/Foto5_Fago-800x1067.jpg 800w, https:\/\/despensafranciscana.com\/wp-content\/uploads\/2022\/03\/Foto5_Fago-225x300.jpg 225w, https:\/\/despensafranciscana.com\/wp-content\/uploads\/2022\/03\/Foto5_Fago-1152x1536.jpg 1152w, https:\/\/despensafranciscana.com\/wp-content\/uploads\/2022\/03\/Foto5_Fago-9x12.jpg 9w, https:\/\/despensafranciscana.com\/wp-content\/uploads\/2022\/03\/Foto5_Fago-600x800.jpg 600w, https:\/\/despensafranciscana.com\/wp-content\/uploads\/2022\/03\/Foto5_Fago-300x400.jpg 300w, https:\/\/despensafranciscana.com\/wp-content\/uploads\/2022\/03\/Foto5_Fago.jpg 1512w\" sizes=\"(max-width: 768px) 100vw, 768px\" \/><\/figure><\/li><li class=\"wp-block-jetpack-slideshow_slide swiper-slide\"><figure><img decoding=\"async\" width=\"768\" height=\"1024\" alt=\"\" class=\"wp-block-jetpack-slideshow_image wp-image-5225\" data-id=\"5225\" src=\"https:\/\/despensafranciscana.com\/wp-content\/uploads\/2022\/03\/Foto9_Fago-768x1024.jpg\" srcset=\"https:\/\/despensafranciscana.com\/wp-content\/uploads\/2022\/03\/Foto9_Fago-768x1024.jpg 768w, https:\/\/despensafranciscana.com\/wp-content\/uploads\/2022\/03\/Foto9_Fago-800x1067.jpg 800w, https:\/\/despensafranciscana.com\/wp-content\/uploads\/2022\/03\/Foto9_Fago-225x300.jpg 225w, https:\/\/despensafranciscana.com\/wp-content\/uploads\/2022\/03\/Foto9_Fago-1152x1536.jpg 1152w, https:\/\/despensafranciscana.com\/wp-content\/uploads\/2022\/03\/Foto9_Fago-9x12.jpg 9w, https:\/\/despensafranciscana.com\/wp-content\/uploads\/2022\/03\/Foto9_Fago-600x800.jpg 600w, https:\/\/despensafranciscana.com\/wp-content\/uploads\/2022\/03\/Foto9_Fago-300x400.jpg 300w, https:\/\/despensafranciscana.com\/wp-content\/uploads\/2022\/03\/Foto9_Fago.jpg 1512w\" sizes=\"(max-width: 768px) 100vw, 768px\" \/><\/figure><\/li><li class=\"wp-block-jetpack-slideshow_slide swiper-slide\"><figure><img decoding=\"async\" width=\"768\" height=\"1024\" alt=\"\" class=\"wp-block-jetpack-slideshow_image wp-image-5226\" data-id=\"5226\" src=\"https:\/\/despensafranciscana.com\/wp-content\/uploads\/2022\/03\/Foto7_Fago-768x1024.jpeg\" srcset=\"https:\/\/despensafranciscana.com\/wp-content\/uploads\/2022\/03\/Foto7_Fago-768x1024.jpeg 768w, https:\/\/despensafranciscana.com\/wp-content\/uploads\/2022\/03\/Foto7_Fago-800x1067.jpeg 800w, https:\/\/despensafranciscana.com\/wp-content\/uploads\/2022\/03\/Foto7_Fago-225x300.jpeg 225w, https:\/\/despensafranciscana.com\/wp-content\/uploads\/2022\/03\/Foto7_Fago-1152x1536.jpeg 1152w, https:\/\/despensafranciscana.com\/wp-content\/uploads\/2022\/03\/Foto7_Fago-9x12.jpeg 9w, https:\/\/despensafranciscana.com\/wp-content\/uploads\/2022\/03\/Foto7_Fago-600x800.jpeg 600w, https:\/\/despensafranciscana.com\/wp-content\/uploads\/2022\/03\/Foto7_Fago-300x400.jpeg 300w, https:\/\/despensafranciscana.com\/wp-content\/uploads\/2022\/03\/Foto7_Fago.jpeg 1536w\" sizes=\"(max-width: 768px) 100vw, 768px\" \/><\/figure><\/li><li class=\"wp-block-jetpack-slideshow_slide swiper-slide\"><figure><img decoding=\"async\" width=\"768\" height=\"1024\" alt=\"\" class=\"wp-block-jetpack-slideshow_image wp-image-5227\" data-id=\"5227\" src=\"https:\/\/despensafranciscana.com\/wp-content\/uploads\/2022\/03\/Foto6_Fago-768x1024.jpeg\" srcset=\"https:\/\/despensafranciscana.com\/wp-content\/uploads\/2022\/03\/Foto6_Fago-768x1024.jpeg 768w, https:\/\/despensafranciscana.com\/wp-content\/uploads\/2022\/03\/Foto6_Fago-800x1067.jpeg 800w, https:\/\/despensafranciscana.com\/wp-content\/uploads\/2022\/03\/Foto6_Fago-225x300.jpeg 225w, https:\/\/despensafranciscana.com\/wp-content\/uploads\/2022\/03\/Foto6_Fago-1152x1536.jpeg 1152w, https:\/\/despensafranciscana.com\/wp-content\/uploads\/2022\/03\/Foto6_Fago-9x12.jpeg 9w, https:\/\/despensafranciscana.com\/wp-content\/uploads\/2022\/03\/Foto6_Fago-600x800.jpeg 600w, https:\/\/despensafranciscana.com\/wp-content\/uploads\/2022\/03\/Foto6_Fago-300x400.jpeg 300w, https:\/\/despensafranciscana.com\/wp-content\/uploads\/2022\/03\/Foto6_Fago.jpeg 1536w\" sizes=\"(max-width: 768px) 100vw, 768px\" \/><\/figure><\/li><li class=\"wp-block-jetpack-slideshow_slide swiper-slide\"><figure><img decoding=\"async\" width=\"768\" height=\"1024\" alt=\"\" class=\"wp-block-jetpack-slideshow_image wp-image-5228\" data-id=\"5228\" src=\"https:\/\/despensafranciscana.com\/wp-content\/uploads\/2022\/03\/Foto3_Fago-768x1024.jpg\" srcset=\"https:\/\/despensafranciscana.com\/wp-content\/uploads\/2022\/03\/Foto3_Fago-768x1024.jpg 768w, https:\/\/despensafranciscana.com\/wp-content\/uploads\/2022\/03\/Foto3_Fago-800x1067.jpg 800w, https:\/\/despensafranciscana.com\/wp-content\/uploads\/2022\/03\/Foto3_Fago-225x300.jpg 225w, https:\/\/despensafranciscana.com\/wp-content\/uploads\/2022\/03\/Foto3_Fago-1152x1536.jpg 1152w, https:\/\/despensafranciscana.com\/wp-content\/uploads\/2022\/03\/Foto3_Fago-9x12.jpg 9w, https:\/\/despensafranciscana.com\/wp-content\/uploads\/2022\/03\/Foto3_Fago-600x800.jpg 600w, https:\/\/despensafranciscana.com\/wp-content\/uploads\/2022\/03\/Foto3_Fago-300x400.jpg 300w, https:\/\/despensafranciscana.com\/wp-content\/uploads\/2022\/03\/Foto3_Fago.jpg 1512w\" sizes=\"(max-width: 768px) 100vw, 768px\" \/><\/figure><\/li><li class=\"wp-block-jetpack-slideshow_slide swiper-slide\"><figure><img decoding=\"async\" width=\"768\" height=\"1024\" alt=\"\" class=\"wp-block-jetpack-slideshow_image wp-image-5229\" data-id=\"5229\" src=\"https:\/\/despensafranciscana.com\/wp-content\/uploads\/2022\/03\/Foto22_Fago-768x1024.jpg\" srcset=\"https:\/\/despensafranciscana.com\/wp-content\/uploads\/2022\/03\/Foto22_Fago-768x1024.jpg 768w, https:\/\/despensafranciscana.com\/wp-content\/uploads\/2022\/03\/Foto22_Fago-800x1067.jpg 800w, https:\/\/despensafranciscana.com\/wp-content\/uploads\/2022\/03\/Foto22_Fago-225x300.jpg 225w, https:\/\/despensafranciscana.com\/wp-content\/uploads\/2022\/03\/Foto22_Fago-1152x1536.jpg 1152w, https:\/\/despensafranciscana.com\/wp-content\/uploads\/2022\/03\/Foto22_Fago-9x12.jpg 9w, https:\/\/despensafranciscana.com\/wp-content\/uploads\/2022\/03\/Foto22_Fago-600x800.jpg 600w, https:\/\/despensafranciscana.com\/wp-content\/uploads\/2022\/03\/Foto22_Fago-300x400.jpg 300w, https:\/\/despensafranciscana.com\/wp-content\/uploads\/2022\/03\/Foto22_Fago.jpg 1512w\" sizes=\"(max-width: 768px) 100vw, 768px\" \/><\/figure><\/li><li class=\"wp-block-jetpack-slideshow_slide swiper-slide\"><figure><img decoding=\"async\" width=\"768\" height=\"1024\" alt=\"\" class=\"wp-block-jetpack-slideshow_image wp-image-5224\" data-id=\"5224\" src=\"https:\/\/despensafranciscana.com\/wp-content\/uploads\/2022\/03\/Foto16_Fago-768x1024.jpg\" srcset=\"https:\/\/despensafranciscana.com\/wp-content\/uploads\/2022\/03\/Foto16_Fago-768x1024.jpg 768w, https:\/\/despensafranciscana.com\/wp-content\/uploads\/2022\/03\/Foto16_Fago-800x1067.jpg 800w, https:\/\/despensafranciscana.com\/wp-content\/uploads\/2022\/03\/Foto16_Fago-225x300.jpg 225w, https:\/\/despensafranciscana.com\/wp-content\/uploads\/2022\/03\/Foto16_Fago-1152x1536.jpg 1152w, https:\/\/despensafranciscana.com\/wp-content\/uploads\/2022\/03\/Foto16_Fago-9x12.jpg 9w, https:\/\/despensafranciscana.com\/wp-content\/uploads\/2022\/03\/Foto16_Fago-600x800.jpg 600w, https:\/\/despensafranciscana.com\/wp-content\/uploads\/2022\/03\/Foto16_Fago-300x400.jpg 300w, https:\/\/despensafranciscana.com\/wp-content\/uploads\/2022\/03\/Foto16_Fago.jpg 1512w\" sizes=\"(max-width: 768px) 100vw, 768px\" \/><\/figure><\/li><li class=\"wp-block-jetpack-slideshow_slide swiper-slide\"><figure><img decoding=\"async\" width=\"768\" height=\"1024\" alt=\"\" class=\"wp-block-jetpack-slideshow_image wp-image-5223\" data-id=\"5223\" src=\"https:\/\/despensafranciscana.com\/wp-content\/uploads\/2022\/03\/Foto21_Fago-768x1024.jpg\" srcset=\"https:\/\/despensafranciscana.com\/wp-content\/uploads\/2022\/03\/Foto21_Fago-768x1024.jpg 768w, https:\/\/despensafranciscana.com\/wp-content\/uploads\/2022\/03\/Foto21_Fago-800x1067.jpg 800w, https:\/\/despensafranciscana.com\/wp-content\/uploads\/2022\/03\/Foto21_Fago-225x300.jpg 225w, https:\/\/despensafranciscana.com\/wp-content\/uploads\/2022\/03\/Foto21_Fago-1152x1536.jpg 1152w, https:\/\/despensafranciscana.com\/wp-content\/uploads\/2022\/03\/Foto21_Fago-9x12.jpg 9w, https:\/\/despensafranciscana.com\/wp-content\/uploads\/2022\/03\/Foto21_Fago-600x800.jpg 600w, https:\/\/despensafranciscana.com\/wp-content\/uploads\/2022\/03\/Foto21_Fago-300x400.jpg 300w, https:\/\/despensafranciscana.com\/wp-content\/uploads\/2022\/03\/Foto21_Fago.jpg 1512w\" sizes=\"(max-width: 768px) 100vw, 768px\" \/><\/figure><\/li><\/ul><a class=\"wp-block-jetpack-slideshow_button-prev swiper-button-prev swiper-button-white\" role=\"button\"><\/a><a class=\"wp-block-jetpack-slideshow_button-next swiper-button-next swiper-button-white\" role=\"button\"><\/a><a aria-label=\"Pausar presentaci\u00f3n de diapositivas\" class=\"wp-block-jetpack-slideshow_button-pause\" role=\"button\"><\/a><div class=\"wp-block-jetpack-slideshow_pagination swiper-pagination swiper-pagination-white\"><\/div><\/div><\/div>\n\n\n\n<p><\/p>","protected":false},"excerpt":{"rendered":"<p>Viajamos a la bella localidad de Marv\u00e3o para descubrir el espacio Fago.<\/p>","protected":false},"author":1,"featured_media":5253,"comment_status":"closed","ping_status":"open","sticky":false,"template":"","format":"standard","meta":{"footnotes":""},"categories":[55],"tags":[],"class_list":["post-5221","post","type-post","status-publish","format-standard","has-post-thumbnail","hentry","category-gastronomia"],"yoast_head":"<!-- This site is optimized with the Yoast SEO plugin v27.4 - https:\/\/yoast.com\/product\/yoast-seo-wordpress\/ -->\n<title>Espa\u00e7o FAGO, em Marv\u00e3o - Despensa Franciscana<\/title>\n<meta name=\"robots\" content=\"index, follow, max-snippet:-1, max-image-preview:large, max-video-preview:-1\" \/>\n<link rel=\"canonical\" href=\"https:\/\/despensafranciscana.com\/es\/2022\/03\/31\/tudo-isto-existetudo-isto-e-fago\/\" \/>\n<meta property=\"og:locale\" content=\"es_ES\" \/>\n<meta property=\"og:type\" content=\"article\" \/>\n<meta property=\"og:title\" content=\"Espa\u00e7o FAGO, em Marv\u00e3o - Despensa Franciscana\" \/>\n<meta property=\"og:description\" content=\"Fomos at\u00e9 \u00e0 bonita Vila de Marv\u00e3o conhecer o espa\u00e7o Fago.\" \/>\n<meta property=\"og:url\" content=\"https:\/\/despensafranciscana.com\/es\/2022\/03\/31\/tudo-isto-existetudo-isto-e-fago\/\" \/>\n<meta property=\"og:site_name\" content=\"Despensa Franciscana\" \/>\n<meta property=\"article:publisher\" content=\"https:\/\/www.facebook.com\/despensafranciscana\/\" \/>\n<meta property=\"article:published_time\" content=\"2022-03-31T22:29:00+00:00\" \/>\n<meta property=\"article:modified_time\" content=\"2025-03-05T09:53:55+00:00\" \/>\n<meta property=\"og:image\" content=\"https:\/\/despensafranciscana.com\/wp-content\/uploads\/2022\/03\/Fago_Banner.jpeg\" \/>\n\t<meta property=\"og:image:width\" content=\"851\" \/>\n\t<meta property=\"og:image:height\" content=\"410\" \/>\n\t<meta property=\"og:image:type\" content=\"image\/jpeg\" \/>\n<meta name=\"author\" content=\"despensa.admin\" \/>\n<meta name=\"twitter:card\" content=\"summary_large_image\" \/>\n<meta name=\"twitter:label1\" content=\"Escrito por\" \/>\n\t<meta name=\"twitter:data1\" content=\"despensa.admin\" \/>\n\t<meta name=\"twitter:label2\" content=\"Tiempo de lectura\" \/>\n\t<meta name=\"twitter:data2\" content=\"5 minutos\" \/>\n<script type=\"application\/ld+json\" class=\"yoast-schema-graph\">{\"@context\":\"https:\\\/\\\/schema.org\",\"@graph\":[{\"@type\":\"Article\",\"@id\":\"https:\\\/\\\/despensafranciscana.com\\\/2022\\\/03\\\/31\\\/tudo-isto-existetudo-isto-e-fago\\\/#article\",\"isPartOf\":{\"@id\":\"https:\\\/\\\/despensafranciscana.com\\\/2022\\\/03\\\/31\\\/tudo-isto-existetudo-isto-e-fago\\\/\"},\"author\":{\"name\":\"despensa.admin\",\"@id\":\"https:\\\/\\\/despensafranciscana.com\\\/#\\\/schema\\\/person\\\/f1c27a2ed53e4fdea2da3bdffd88249b\"},\"headline\":\"Espa\u00e7o FAGO, em Marv\u00e3o\",\"datePublished\":\"2022-03-31T22:29:00+00:00\",\"dateModified\":\"2025-03-05T09:53:55+00:00\",\"mainEntityOfPage\":{\"@id\":\"https:\\\/\\\/despensafranciscana.com\\\/2022\\\/03\\\/31\\\/tudo-isto-existetudo-isto-e-fago\\\/\"},\"wordCount\":952,\"publisher\":{\"@id\":\"https:\\\/\\\/despensafranciscana.com\\\/#organization\"},\"image\":{\"@id\":\"https:\\\/\\\/despensafranciscana.com\\\/2022\\\/03\\\/31\\\/tudo-isto-existetudo-isto-e-fago\\\/#primaryimage\"},\"thumbnailUrl\":\"https:\\\/\\\/despensafranciscana.com\\\/wp-content\\\/uploads\\\/2022\\\/03\\\/Fago_Banner.jpeg\",\"articleSection\":[\"Gastronomia\"],\"inLanguage\":\"es\"},{\"@type\":\"WebPage\",\"@id\":\"https:\\\/\\\/despensafranciscana.com\\\/2022\\\/03\\\/31\\\/tudo-isto-existetudo-isto-e-fago\\\/\",\"url\":\"https:\\\/\\\/despensafranciscana.com\\\/2022\\\/03\\\/31\\\/tudo-isto-existetudo-isto-e-fago\\\/\",\"name\":\"Espa\u00e7o FAGO, em Marv\u00e3o - Despensa Franciscana\",\"isPartOf\":{\"@id\":\"https:\\\/\\\/despensafranciscana.com\\\/#website\"},\"primaryImageOfPage\":{\"@id\":\"https:\\\/\\\/despensafranciscana.com\\\/2022\\\/03\\\/31\\\/tudo-isto-existetudo-isto-e-fago\\\/#primaryimage\"},\"image\":{\"@id\":\"https:\\\/\\\/despensafranciscana.com\\\/2022\\\/03\\\/31\\\/tudo-isto-existetudo-isto-e-fago\\\/#primaryimage\"},\"thumbnailUrl\":\"https:\\\/\\\/despensafranciscana.com\\\/wp-content\\\/uploads\\\/2022\\\/03\\\/Fago_Banner.jpeg\",\"datePublished\":\"2022-03-31T22:29:00+00:00\",\"dateModified\":\"2025-03-05T09:53:55+00:00\",\"breadcrumb\":{\"@id\":\"https:\\\/\\\/despensafranciscana.com\\\/2022\\\/03\\\/31\\\/tudo-isto-existetudo-isto-e-fago\\\/#breadcrumb\"},\"inLanguage\":\"es\",\"potentialAction\":[{\"@type\":\"ReadAction\",\"target\":[\"https:\\\/\\\/despensafranciscana.com\\\/2022\\\/03\\\/31\\\/tudo-isto-existetudo-isto-e-fago\\\/\"]}]},{\"@type\":\"ImageObject\",\"inLanguage\":\"es\",\"@id\":\"https:\\\/\\\/despensafranciscana.com\\\/2022\\\/03\\\/31\\\/tudo-isto-existetudo-isto-e-fago\\\/#primaryimage\",\"url\":\"https:\\\/\\\/despensafranciscana.com\\\/wp-content\\\/uploads\\\/2022\\\/03\\\/Fago_Banner.jpeg\",\"contentUrl\":\"https:\\\/\\\/despensafranciscana.com\\\/wp-content\\\/uploads\\\/2022\\\/03\\\/Fago_Banner.jpeg\",\"width\":851,\"height\":410},{\"@type\":\"BreadcrumbList\",\"@id\":\"https:\\\/\\\/despensafranciscana.com\\\/2022\\\/03\\\/31\\\/tudo-isto-existetudo-isto-e-fago\\\/#breadcrumb\",\"itemListElement\":[{\"@type\":\"ListItem\",\"position\":1,\"name\":\"In\u00edcio\",\"item\":\"https:\\\/\\\/despensafranciscana.com\\\/\"},{\"@type\":\"ListItem\",\"position\":2,\"name\":\"Espa\u00e7o FAGO, em Marv\u00e3o\"}]},{\"@type\":\"WebSite\",\"@id\":\"https:\\\/\\\/despensafranciscana.com\\\/#website\",\"url\":\"https:\\\/\\\/despensafranciscana.com\\\/\",\"name\":\"Despensa Franciscana\",\"description\":\"Despensa Franciscana\",\"publisher\":{\"@id\":\"https:\\\/\\\/despensafranciscana.com\\\/#organization\"},\"potentialAction\":[{\"@type\":\"SearchAction\",\"target\":{\"@type\":\"EntryPoint\",\"urlTemplate\":\"https:\\\/\\\/despensafranciscana.com\\\/?s={search_term_string}\"},\"query-input\":{\"@type\":\"PropertyValueSpecification\",\"valueRequired\":true,\"valueName\":\"search_term_string\"}}],\"inLanguage\":\"es\"},{\"@type\":\"Organization\",\"@id\":\"https:\\\/\\\/despensafranciscana.com\\\/#organization\",\"name\":\"Despensa Franciscana\",\"url\":\"https:\\\/\\\/despensafranciscana.com\\\/\",\"logo\":{\"@type\":\"ImageObject\",\"inLanguage\":\"es\",\"@id\":\"https:\\\/\\\/despensafranciscana.com\\\/#\\\/schema\\\/logo\\\/image\\\/\",\"url\":\"https:\\\/\\\/despensafranciscana.com\\\/wp-content\\\/uploads\\\/2025\\\/02\\\/despensa-franciscana-revamp-logos-8.png\",\"contentUrl\":\"https:\\\/\\\/despensafranciscana.com\\\/wp-content\\\/uploads\\\/2025\\\/02\\\/despensa-franciscana-revamp-logos-8.png\",\"width\":1920,\"height\":628,\"caption\":\"Despensa Franciscana\"},\"image\":{\"@id\":\"https:\\\/\\\/despensafranciscana.com\\\/#\\\/schema\\\/logo\\\/image\\\/\"},\"sameAs\":[\"https:\\\/\\\/www.facebook.com\\\/despensafranciscana\\\/\",\"https:\\\/\\\/www.instagram.com\\\/despensafranciscana\\\/\"]},{\"@type\":\"Person\",\"@id\":\"https:\\\/\\\/despensafranciscana.com\\\/#\\\/schema\\\/person\\\/f1c27a2ed53e4fdea2da3bdffd88249b\",\"name\":\"despensa.admin\",\"sameAs\":[\"https:\\\/\\\/despensafranciscana.com\"],\"url\":\"https:\\\/\\\/despensafranciscana.com\\\/es\\\/author\\\/despensa-admin\\\/\"}]}<\/script>\n<!-- \/ Yoast SEO plugin. -->","yoast_head_json":{"title":"Espa\u00e7o FAGO, em Marv\u00e3o - Despensa Franciscana","robots":{"index":"index","follow":"follow","max-snippet":"max-snippet:-1","max-image-preview":"max-image-preview:large","max-video-preview":"max-video-preview:-1"},"canonical":"https:\/\/despensafranciscana.com\/es\/2022\/03\/31\/tudo-isto-existetudo-isto-e-fago\/","og_locale":"es_ES","og_type":"article","og_title":"Espa\u00e7o FAGO, em Marv\u00e3o - Despensa Franciscana","og_description":"Fomos at\u00e9 \u00e0 bonita Vila de Marv\u00e3o conhecer o espa\u00e7o Fago.","og_url":"https:\/\/despensafranciscana.com\/es\/2022\/03\/31\/tudo-isto-existetudo-isto-e-fago\/","og_site_name":"Despensa Franciscana","article_publisher":"https:\/\/www.facebook.com\/despensafranciscana\/","article_published_time":"2022-03-31T22:29:00+00:00","article_modified_time":"2025-03-05T09:53:55+00:00","og_image":[{"width":851,"height":410,"url":"https:\/\/despensafranciscana.com\/wp-content\/uploads\/2022\/03\/Fago_Banner.jpeg","type":"image\/jpeg"}],"author":"despensa.admin","twitter_card":"summary_large_image","twitter_misc":{"Escrito por":"despensa.admin","Tiempo de lectura":"5 minutos"},"schema":{"@context":"https:\/\/schema.org","@graph":[{"@type":"Article","@id":"https:\/\/despensafranciscana.com\/2022\/03\/31\/tudo-isto-existetudo-isto-e-fago\/#article","isPartOf":{"@id":"https:\/\/despensafranciscana.com\/2022\/03\/31\/tudo-isto-existetudo-isto-e-fago\/"},"author":{"name":"despensa.admin","@id":"https:\/\/despensafranciscana.com\/#\/schema\/person\/f1c27a2ed53e4fdea2da3bdffd88249b"},"headline":"Espa\u00e7o FAGO, em Marv\u00e3o","datePublished":"2022-03-31T22:29:00+00:00","dateModified":"2025-03-05T09:53:55+00:00","mainEntityOfPage":{"@id":"https:\/\/despensafranciscana.com\/2022\/03\/31\/tudo-isto-existetudo-isto-e-fago\/"},"wordCount":952,"publisher":{"@id":"https:\/\/despensafranciscana.com\/#organization"},"image":{"@id":"https:\/\/despensafranciscana.com\/2022\/03\/31\/tudo-isto-existetudo-isto-e-fago\/#primaryimage"},"thumbnailUrl":"https:\/\/despensafranciscana.com\/wp-content\/uploads\/2022\/03\/Fago_Banner.jpeg","articleSection":["Gastronomia"],"inLanguage":"es"},{"@type":"WebPage","@id":"https:\/\/despensafranciscana.com\/2022\/03\/31\/tudo-isto-existetudo-isto-e-fago\/","url":"https:\/\/despensafranciscana.com\/2022\/03\/31\/tudo-isto-existetudo-isto-e-fago\/","name":"Espa\u00e7o FAGO, em Marv\u00e3o - Despensa Franciscana","isPartOf":{"@id":"https:\/\/despensafranciscana.com\/#website"},"primaryImageOfPage":{"@id":"https:\/\/despensafranciscana.com\/2022\/03\/31\/tudo-isto-existetudo-isto-e-fago\/#primaryimage"},"image":{"@id":"https:\/\/despensafranciscana.com\/2022\/03\/31\/tudo-isto-existetudo-isto-e-fago\/#primaryimage"},"thumbnailUrl":"https:\/\/despensafranciscana.com\/wp-content\/uploads\/2022\/03\/Fago_Banner.jpeg","datePublished":"2022-03-31T22:29:00+00:00","dateModified":"2025-03-05T09:53:55+00:00","breadcrumb":{"@id":"https:\/\/despensafranciscana.com\/2022\/03\/31\/tudo-isto-existetudo-isto-e-fago\/#breadcrumb"},"inLanguage":"es","potentialAction":[{"@type":"ReadAction","target":["https:\/\/despensafranciscana.com\/2022\/03\/31\/tudo-isto-existetudo-isto-e-fago\/"]}]},{"@type":"ImageObject","inLanguage":"es","@id":"https:\/\/despensafranciscana.com\/2022\/03\/31\/tudo-isto-existetudo-isto-e-fago\/#primaryimage","url":"https:\/\/despensafranciscana.com\/wp-content\/uploads\/2022\/03\/Fago_Banner.jpeg","contentUrl":"https:\/\/despensafranciscana.com\/wp-content\/uploads\/2022\/03\/Fago_Banner.jpeg","width":851,"height":410},{"@type":"BreadcrumbList","@id":"https:\/\/despensafranciscana.com\/2022\/03\/31\/tudo-isto-existetudo-isto-e-fago\/#breadcrumb","itemListElement":[{"@type":"ListItem","position":1,"name":"In\u00edcio","item":"https:\/\/despensafranciscana.com\/"},{"@type":"ListItem","position":2,"name":"Espa\u00e7o FAGO, em Marv\u00e3o"}]},{"@type":"WebSite","@id":"https:\/\/despensafranciscana.com\/#website","url":"https:\/\/despensafranciscana.com\/","name":"Despensa franciscana","description":"Despensa franciscana","publisher":{"@id":"https:\/\/despensafranciscana.com\/#organization"},"potentialAction":[{"@type":"SearchAction","target":{"@type":"EntryPoint","urlTemplate":"https:\/\/despensafranciscana.com\/?s={search_term_string}"},"query-input":{"@type":"PropertyValueSpecification","valueRequired":true,"valueName":"search_term_string"}}],"inLanguage":"es"},{"@type":"Organization","@id":"https:\/\/despensafranciscana.com\/#organization","name":"Despensa franciscana","url":"https:\/\/despensafranciscana.com\/","logo":{"@type":"ImageObject","inLanguage":"es","@id":"https:\/\/despensafranciscana.com\/#\/schema\/logo\/image\/","url":"https:\/\/despensafranciscana.com\/wp-content\/uploads\/2025\/02\/despensa-franciscana-revamp-logos-8.png","contentUrl":"https:\/\/despensafranciscana.com\/wp-content\/uploads\/2025\/02\/despensa-franciscana-revamp-logos-8.png","width":1920,"height":628,"caption":"Despensa Franciscana"},"image":{"@id":"https:\/\/despensafranciscana.com\/#\/schema\/logo\/image\/"},"sameAs":["https:\/\/www.facebook.com\/despensafranciscana\/","https:\/\/www.instagram.com\/despensafranciscana\/"]},{"@type":"Person","@id":"https:\/\/despensafranciscana.com\/#\/schema\/person\/f1c27a2ed53e4fdea2da3bdffd88249b","name":"pantry.admin","sameAs":["https:\/\/despensafranciscana.com"],"url":"https:\/\/despensafranciscana.com\/es\/author\/despensa-admin\/"}]}},"_links":{"self":[{"href":"https:\/\/despensafranciscana.com\/es\/wp-json\/wp\/v2\/posts\/5221","targetHints":{"allow":["GET"]}}],"collection":[{"href":"https:\/\/despensafranciscana.com\/es\/wp-json\/wp\/v2\/posts"}],"about":[{"href":"https:\/\/despensafranciscana.com\/es\/wp-json\/wp\/v2\/types\/post"}],"author":[{"embeddable":true,"href":"https:\/\/despensafranciscana.com\/es\/wp-json\/wp\/v2\/users\/1"}],"replies":[{"embeddable":true,"href":"https:\/\/despensafranciscana.com\/es\/wp-json\/wp\/v2\/comments?post=5221"}],"version-history":[{"count":0,"href":"https:\/\/despensafranciscana.com\/es\/wp-json\/wp\/v2\/posts\/5221\/revisions"}],"wp:featuredmedia":[{"embeddable":true,"href":"https:\/\/despensafranciscana.com\/es\/wp-json\/wp\/v2\/media\/5253"}],"wp:attachment":[{"href":"https:\/\/despensafranciscana.com\/es\/wp-json\/wp\/v2\/media?parent=5221"}],"wp:term":[{"taxonomy":"category","embeddable":true,"href":"https:\/\/despensafranciscana.com\/es\/wp-json\/wp\/v2\/categories?post=5221"},{"taxonomy":"post_tag","embeddable":true,"href":"https:\/\/despensafranciscana.com\/es\/wp-json\/wp\/v2\/tags?post=5221"}],"curies":[{"name":"wp","href":"https:\/\/api.w.org\/{rel}","templated":true}]}}