{"id":2514,"date":"2021-10-18T22:45:03","date_gmt":"2021-10-18T21:45:03","guid":{"rendered":"https:\/\/despensafranciscana.com\/?p=2514"},"modified":"2025-03-05T09:49:48","modified_gmt":"2025-03-05T09:49:48","slug":"entrevista-ao-produtor-azeite-de-marvao","status":"publish","type":"post","link":"https:\/\/despensafranciscana.com\/es\/2021\/10\/18\/entrevista-ao-produtor-azeite-de-marvao\/","title":{"rendered":"Entrevista al Productor - Marv\u00e3o Olive Oil"},"content":{"rendered":"<p>Fue en una soleada tarde de octubre cuando viajamos a la tranquila aldea de Galegos, en el municipio de Marv\u00e3o, situada en el coraz\u00f3n de la Serra de S. Mamede, a 600 m de altitud, casi tocando a nuestra vecina Espa\u00f1a.<\/p>\n\n\n\n<p>Nos sorprendi\u00f3 la calma y la tranquilidad de este lugar id\u00edlico, donde encontramos un negocio verdaderamente apasionado, como este lugar. Un negocio familiar desde 1954, donde el conocimiento de c\u00f3mo extraer el buen sabor de las aceitunas se ha transmitido de generaci\u00f3n en generaci\u00f3n, guardado en las paredes del molino y en los genes de la familia Nunes.<\/p>\n\n\n\n<p>No hemos podido resistirnos a adentrarnos en esta hermosa historia, contada por Antonio Melara.<\/p>\n\n\n\n<p><strong>DF: Ant\u00f3nio, cu\u00e9ntenos c\u00f3mo empez\u00f3 esta apasionante historia.<\/strong><\/p>\n\n\n\n<p><strong>AM:<\/strong> Desde muy peque\u00f1o, sol\u00eda ir al pueblo y ver trabajar a mi bisabuelo Francisco Nunes, un hombre verdaderamente emprendedor y visionario, con un esp\u00edritu inquieto y siempre din\u00e1mico. Compr\u00f3 el espacio donde se instal\u00f3 la primera unidad industrial del pueblo: la almazara. Este espacio era abastecido de energ\u00eda por el molino de agua, o moinho da Dorna, una construcci\u00f3n singular que trae a la memoria viejas historias y emocionantes aventuras... En los a\u00f1os 60, sigui\u00f3 modernizando el lagar de la mano de su hijo Ant\u00f3nio Picado Nunes, hombre polifac\u00e9tico, riguroso y trabajador. En esa \u00e9poca, se adquirieron varias prensas, m\u00e1quinas y equipos diversos y se ampliaron y mejoraron los alrededores.<\/p>\n\n\n\n<p><strong>DF: \u00bfY qu\u00e9 otras historias le cuentan de aquellos tiempos?<\/strong><\/p>\n\n\n\n<p><strong>AM:<\/strong> En el siglo pasado, en el centro del pueblo hab\u00eda una concurrida tienda o taberna, que a veces se transformaba en sal\u00f3n de baile para celebrar bailes y fiestas. En la \u00e9poca de la recolecci\u00f3n de la aceituna, los ranchos de gente que llenaban los campos tambi\u00e9n daban vida al pueblo.<\/p>\n\n\n\n<p>En el molino, la caldera estaba siempre encendida, lo que proporcionaba una verdadera convivencia y calentaba el alma en aquellos crudos inviernos. Pero la cumbre del placer era cuando el hilo de oro empezaba a cobrar vida, y entonces era un verdadero placer para los sentidos. Era el nacimiento de un nuevo aceite.<\/p>\n\n\n\n<p><strong>DF: Los tiempos han cambiado y usted ha tenido que adaptarse a las nuevas realidades. C\u00f3mo empez\u00f3 el camino de Ant\u00f3nio hasta llegar aqu\u00ed?<\/strong><\/p>\n\n\n\n<p><strong>AM:<\/strong> Nac\u00ed en Lisboa, hijo de padre arquitecto y madre profesora de historia, y empec\u00e9 un curso de arquitectura que no termin\u00e9. Cada vez que ven\u00eda al pueblo de Galegos y ve\u00eda el negocio de mi abuelo, me daba cuenta de que la carrera de arquitectura no iba conmigo y fue entonces cuando decid\u00ed hacer un curso de Direcci\u00f3n de Marketing, para luego poder utilizar mis conocimientos para impulsar el negocio de mi familia.<\/p>\n\n\n\n<p>A\u00f1os m\u00e1s tarde, la familia decidi\u00f3 el futuro de la empresa, decidiendo que la empresa y sus actividades pasaran a manos del joven Ant\u00f3nio, <strong>me<\/strong>. La tierra de Galegos me marc\u00f3 irrevocablemente. En las muchas temporadas que pas\u00e9 en el pueblo, en casa de mis abuelos, aprend\u00ed a amar el campo, la tierra, los olores y los sabores.&nbsp;<\/p>\n\n\n\n<p>Mi abuela Carmelin, nacida en Madrid en el seno de una familia burguesa acomodada y que decidi\u00f3 quedarse en Galegos para siempre y \"por amor\", fue determinante en mi actitud futura, ya que me ense\u00f1\u00f3 la importancia de la dedicaci\u00f3n, la generosidad y la determinaci\u00f3n, valores que a\u00fan hoy conservo, tanto en lo personal como en mi compromiso con este negocio.<\/p>\n\n\n\n<p><strong>DF: \u00bfY qu\u00e9 a\u00f1o fue el verdadero punto de inflexi\u00f3n para la marca que tienen hoy?<\/strong><\/p>\n\n\n\n<p><strong>AM:<\/strong> En 2010 naci\u00f3 el nuevo concepto de almazara en un espacio renovado donde, sin olvidar el pasado, seguimos produciendo este n\u00e9ctar, extra\u00eddo en fr\u00edo, y all\u00ed se cre\u00f3 la marca Aceite de Oliva Castelo de Marv\u00e3o.<\/p>\n\n\n\n<p><strong>DF: \u00bfQu\u00e9 variedad de aceitunas recogen para producir su aceite?<\/strong><\/p>\n\n\n\n<p><strong>AM:<\/strong> S\u00f3lo aceitunas gallegas. Ninguna otra. Con esta variedad hemos obtenido una certificaci\u00f3n DOP (denominaci\u00f3n de origen protegida) \u00fanica.<\/p>\n\n\n\n<p><strong>DF: Si tuviera que definir su aceite, \u00bfqu\u00e9 dir\u00eda?<\/strong><\/p>\n\n\n\n<p><strong>AM:<\/strong> Es un aceite de oliva fino, con una acidez elevada, un color dorado, un aroma afrutado maduro, suave y extremadamente sabroso.<\/p>\n\n\n\n<p><strong>DF: \u00bfCu\u00e1l es la mejor \u00e9poca para recoger aceitunas gallegas?<\/strong><\/p>\n\n\n\n<p><strong>AM:<\/strong> La tradici\u00f3n familiar manda cosechar el olivar despu\u00e9s del d\u00eda de Todos los Santos, peinar las ramas a mano y extraer en fr\u00edo el mejor aceite de oliva del mundo.<\/p>\n\n\n\n<p><strong>DF: \u00bfQu\u00e9 variedades de aceite de oliva podemos encontrar aqu\u00ed?<\/strong><\/p>\n\n\n\n<p><strong>AM:<\/strong> Actualmente producimos tres referencias:<\/p>\n\n\n\n<p>- Aceite de Oliva Virgen Extra Marv\u00e3o<\/p>\n\n\n\n<p>- Aceite de Oliva Virgen Extra Galega DOP<\/p>\n\n\n\n<p>- Aceite de oliva virgen gallego ecol\u00f3gico<\/p>\n\n\n\n<p><strong>DF: Si quiere visitar el pueblo de Galegos, \u00bfqu\u00e9 puede esperar de este nuevo proyecto?<\/strong><\/p>\n\n\n\n<p><strong>AM:<\/strong> Actualmente continuamos con nuestra actividad ole\u00edcola, organizando visitas guiadas al olivar, la almazara y el museo. Tenemos la posibilidad de reunirnos con grupos para comer o cenar, o incluso para una simple cata de aceite de oliva. Para aquellos a los que les resulte dif\u00edcil abandonar este lugar m\u00e1gico, tambi\u00e9n disponemos de alojamiento local, donde s\u00f3lo se siente la tranquilidad de la Serra de S. Mamede.&nbsp;<\/p>\n\n\n\n<p><strong>DF: \u00bfY qu\u00e9 nos depara el futuro?<\/strong><\/p>\n\n\n\n<p><strong>AM:<\/strong> Hay muchos proyectos previstos, siempre preservando la aldea de Galegos y el enorme legado que me han dejado. \u00a1Todo a su tiempo!<\/p>\n\n\n\n<p><\/p>\n\n\n\n<div class=\"wp-block-jetpack-slideshow aligncenter\" data-effect=\"fade\"><div class=\"wp-block-jetpack-slideshow_container swiper-container\"><ul class=\"wp-block-jetpack-slideshow_swiper-wrapper swiper-wrapper\"><li class=\"wp-block-jetpack-slideshow_slide swiper-slide\"><figure><img decoding=\"async\" width=\"768\" height=\"1024\" alt=\"\" class=\"wp-block-jetpack-slideshow_image wp-image-2539\" data-id=\"2539\" src=\"https:\/\/despensafranciscana.com\/wp-content\/uploads\/2021\/10\/IMG_6960-768x1024.jpeg\" srcset=\"https:\/\/despensafranciscana.com\/wp-content\/uploads\/2021\/10\/IMG_6960-768x1024.jpeg 768w, https:\/\/despensafranciscana.com\/wp-content\/uploads\/2021\/10\/IMG_6960-800x1067.jpeg 800w, https:\/\/despensafranciscana.com\/wp-content\/uploads\/2021\/10\/IMG_6960-225x300.jpeg 225w, https:\/\/despensafranciscana.com\/wp-content\/uploads\/2021\/10\/IMG_6960-1152x1536.jpeg 1152w, https:\/\/despensafranciscana.com\/wp-content\/uploads\/2021\/10\/IMG_6960-9x12.jpeg 9w, https:\/\/despensafranciscana.com\/wp-content\/uploads\/2021\/10\/IMG_6960-600x800.jpeg 600w, https:\/\/despensafranciscana.com\/wp-content\/uploads\/2021\/10\/IMG_6960-300x400.jpeg 300w, https:\/\/despensafranciscana.com\/wp-content\/uploads\/2021\/10\/IMG_6960.jpeg 1536w\" sizes=\"(max-width: 768px) 100vw, 768px\" \/><\/figure><\/li><li class=\"wp-block-jetpack-slideshow_slide swiper-slide\"><figure><img decoding=\"async\" width=\"768\" height=\"1024\" alt=\"\" class=\"wp-block-jetpack-slideshow_image wp-image-2538\" data-id=\"2538\" src=\"https:\/\/despensafranciscana.com\/wp-content\/uploads\/2021\/10\/IMG_6963-768x1024.jpeg\" srcset=\"https:\/\/despensafranciscana.com\/wp-content\/uploads\/2021\/10\/IMG_6963-768x1024.jpeg 768w, https:\/\/despensafranciscana.com\/wp-content\/uploads\/2021\/10\/IMG_6963-800x1067.jpeg 800w, https:\/\/despensafranciscana.com\/wp-content\/uploads\/2021\/10\/IMG_6963-225x300.jpeg 225w, https:\/\/despensafranciscana.com\/wp-content\/uploads\/2021\/10\/IMG_6963-1152x1536.jpeg 1152w, https:\/\/despensafranciscana.com\/wp-content\/uploads\/2021\/10\/IMG_6963-9x12.jpeg 9w, https:\/\/despensafranciscana.com\/wp-content\/uploads\/2021\/10\/IMG_6963-600x800.jpeg 600w, https:\/\/despensafranciscana.com\/wp-content\/uploads\/2021\/10\/IMG_6963-300x400.jpeg 300w, https:\/\/despensafranciscana.com\/wp-content\/uploads\/2021\/10\/IMG_6963.jpeg 1536w\" sizes=\"(max-width: 768px) 100vw, 768px\" \/><\/figure><\/li><li class=\"wp-block-jetpack-slideshow_slide swiper-slide\"><figure><img decoding=\"async\" width=\"768\" height=\"1024\" alt=\"\" class=\"wp-block-jetpack-slideshow_image wp-image-2537\" data-id=\"2537\" src=\"https:\/\/despensafranciscana.com\/wp-content\/uploads\/2021\/10\/IMG_6964-768x1024.jpeg\" srcset=\"https:\/\/despensafranciscana.com\/wp-content\/uploads\/2021\/10\/IMG_6964-768x1024.jpeg 768w, https:\/\/despensafranciscana.com\/wp-content\/uploads\/2021\/10\/IMG_6964-800x1067.jpeg 800w, https:\/\/despensafranciscana.com\/wp-content\/uploads\/2021\/10\/IMG_6964-225x300.jpeg 225w, https:\/\/despensafranciscana.com\/wp-content\/uploads\/2021\/10\/IMG_6964-1152x1536.jpeg 1152w, https:\/\/despensafranciscana.com\/wp-content\/uploads\/2021\/10\/IMG_6964-9x12.jpeg 9w, https:\/\/despensafranciscana.com\/wp-content\/uploads\/2021\/10\/IMG_6964-600x800.jpeg 600w, https:\/\/despensafranciscana.com\/wp-content\/uploads\/2021\/10\/IMG_6964-300x400.jpeg 300w, https:\/\/despensafranciscana.com\/wp-content\/uploads\/2021\/10\/IMG_6964.jpeg 1536w\" sizes=\"(max-width: 768px) 100vw, 768px\" \/><\/figure><\/li><li class=\"wp-block-jetpack-slideshow_slide swiper-slide\"><figure><img decoding=\"async\" width=\"768\" height=\"1024\" alt=\"\" class=\"wp-block-jetpack-slideshow_image wp-image-2536\" data-id=\"2536\" src=\"https:\/\/despensafranciscana.com\/wp-content\/uploads\/2021\/10\/IMG_7001-768x1024.jpeg\" srcset=\"https:\/\/despensafranciscana.com\/wp-content\/uploads\/2021\/10\/IMG_7001-768x1024.jpeg 768w, https:\/\/despensafranciscana.com\/wp-content\/uploads\/2021\/10\/IMG_7001-800x1067.jpeg 800w, https:\/\/despensafranciscana.com\/wp-content\/uploads\/2021\/10\/IMG_7001-225x300.jpeg 225w, https:\/\/despensafranciscana.com\/wp-content\/uploads\/2021\/10\/IMG_7001-1152x1536.jpeg 1152w, https:\/\/despensafranciscana.com\/wp-content\/uploads\/2021\/10\/IMG_7001-9x12.jpeg 9w, https:\/\/despensafranciscana.com\/wp-content\/uploads\/2021\/10\/IMG_7001-600x800.jpeg 600w, https:\/\/despensafranciscana.com\/wp-content\/uploads\/2021\/10\/IMG_7001-300x400.jpeg 300w, https:\/\/despensafranciscana.com\/wp-content\/uploads\/2021\/10\/IMG_7001.jpeg 1536w\" sizes=\"(max-width: 768px) 100vw, 768px\" \/><\/figure><\/li><li class=\"wp-block-jetpack-slideshow_slide swiper-slide\"><figure><img decoding=\"async\" width=\"768\" height=\"1024\" alt=\"\" class=\"wp-block-jetpack-slideshow_image wp-image-2535\" data-id=\"2535\" src=\"https:\/\/despensafranciscana.com\/wp-content\/uploads\/2021\/10\/IMG_6998-768x1024.jpeg\" srcset=\"https:\/\/despensafranciscana.com\/wp-content\/uploads\/2021\/10\/IMG_6998-768x1024.jpeg 768w, https:\/\/despensafranciscana.com\/wp-content\/uploads\/2021\/10\/IMG_6998-800x1067.jpeg 800w, https:\/\/despensafranciscana.com\/wp-content\/uploads\/2021\/10\/IMG_6998-225x300.jpeg 225w, https:\/\/despensafranciscana.com\/wp-content\/uploads\/2021\/10\/IMG_6998-1152x1536.jpeg 1152w, https:\/\/despensafranciscana.com\/wp-content\/uploads\/2021\/10\/IMG_6998-9x12.jpeg 9w, https:\/\/despensafranciscana.com\/wp-content\/uploads\/2021\/10\/IMG_6998-600x800.jpeg 600w, https:\/\/despensafranciscana.com\/wp-content\/uploads\/2021\/10\/IMG_6998-300x400.jpeg 300w, https:\/\/despensafranciscana.com\/wp-content\/uploads\/2021\/10\/IMG_6998.jpeg 1536w\" sizes=\"(max-width: 768px) 100vw, 768px\" \/><\/figure><\/li><li class=\"wp-block-jetpack-slideshow_slide swiper-slide\"><figure><img decoding=\"async\" width=\"1024\" height=\"768\" alt=\"\" class=\"wp-block-jetpack-slideshow_image wp-image-2534\" data-id=\"2534\" src=\"https:\/\/despensafranciscana.com\/wp-content\/uploads\/2021\/10\/IMG_6991-1024x768.jpeg\" srcset=\"https:\/\/despensafranciscana.com\/wp-content\/uploads\/2021\/10\/IMG_6991-1024x768.jpeg 1024w, https:\/\/despensafranciscana.com\/wp-content\/uploads\/2021\/10\/IMG_6991-800x600.jpeg 800w, https:\/\/despensafranciscana.com\/wp-content\/uploads\/2021\/10\/IMG_6991-300x225.jpeg 300w, https:\/\/despensafranciscana.com\/wp-content\/uploads\/2021\/10\/IMG_6991-768x576.jpeg 768w, https:\/\/despensafranciscana.com\/wp-content\/uploads\/2021\/10\/IMG_6991-1536x1152.jpeg 1536w, https:\/\/despensafranciscana.com\/wp-content\/uploads\/2021\/10\/IMG_6991-16x12.jpeg 16w, https:\/\/despensafranciscana.com\/wp-content\/uploads\/2021\/10\/IMG_6991-600x450.jpeg 600w, https:\/\/despensafranciscana.com\/wp-content\/uploads\/2021\/10\/IMG_6991.jpeg 2048w\" sizes=\"(max-width: 1024px) 100vw, 1024px\" \/><\/figure><\/li><li class=\"wp-block-jetpack-slideshow_slide swiper-slide\"><figure><img decoding=\"async\" width=\"1024\" height=\"768\" alt=\"\" class=\"wp-block-jetpack-slideshow_image wp-image-2533\" data-id=\"2533\" src=\"https:\/\/despensafranciscana.com\/wp-content\/uploads\/2021\/10\/IMG_6989-1024x768.jpeg\" srcset=\"https:\/\/despensafranciscana.com\/wp-content\/uploads\/2021\/10\/IMG_6989-1024x768.jpeg 1024w, https:\/\/despensafranciscana.com\/wp-content\/uploads\/2021\/10\/IMG_6989-800x600.jpeg 800w, https:\/\/despensafranciscana.com\/wp-content\/uploads\/2021\/10\/IMG_6989-300x225.jpeg 300w, https:\/\/despensafranciscana.com\/wp-content\/uploads\/2021\/10\/IMG_6989-768x576.jpeg 768w, https:\/\/despensafranciscana.com\/wp-content\/uploads\/2021\/10\/IMG_6989-1536x1152.jpeg 1536w, https:\/\/despensafranciscana.com\/wp-content\/uploads\/2021\/10\/IMG_6989-16x12.jpeg 16w, https:\/\/despensafranciscana.com\/wp-content\/uploads\/2021\/10\/IMG_6989-600x450.jpeg 600w, https:\/\/despensafranciscana.com\/wp-content\/uploads\/2021\/10\/IMG_6989.jpeg 2048w\" sizes=\"(max-width: 1024px) 100vw, 1024px\" \/><\/figure><\/li><li class=\"wp-block-jetpack-slideshow_slide swiper-slide\"><figure><img decoding=\"async\" width=\"768\" height=\"1024\" alt=\"\" class=\"wp-block-jetpack-slideshow_image wp-image-2532\" data-id=\"2532\" src=\"https:\/\/despensafranciscana.com\/wp-content\/uploads\/2021\/10\/IMG_6985-768x1024.jpeg\" srcset=\"https:\/\/despensafranciscana.com\/wp-content\/uploads\/2021\/10\/IMG_6985-768x1024.jpeg 768w, https:\/\/despensafranciscana.com\/wp-content\/uploads\/2021\/10\/IMG_6985-800x1067.jpeg 800w, https:\/\/despensafranciscana.com\/wp-content\/uploads\/2021\/10\/IMG_6985-225x300.jpeg 225w, https:\/\/despensafranciscana.com\/wp-content\/uploads\/2021\/10\/IMG_6985-1152x1536.jpeg 1152w, https:\/\/despensafranciscana.com\/wp-content\/uploads\/2021\/10\/IMG_6985-9x12.jpeg 9w, https:\/\/despensafranciscana.com\/wp-content\/uploads\/2021\/10\/IMG_6985-600x800.jpeg 600w, https:\/\/despensafranciscana.com\/wp-content\/uploads\/2021\/10\/IMG_6985-300x400.jpeg 300w, https:\/\/despensafranciscana.com\/wp-content\/uploads\/2021\/10\/IMG_6985.jpeg 1536w\" sizes=\"(max-width: 768px) 100vw, 768px\" \/><\/figure><\/li><li class=\"wp-block-jetpack-slideshow_slide swiper-slide\"><figure><img decoding=\"async\" width=\"768\" height=\"1024\" alt=\"\" class=\"wp-block-jetpack-slideshow_image wp-image-2531\" data-id=\"2531\" src=\"https:\/\/despensafranciscana.com\/wp-content\/uploads\/2021\/10\/IMG_6984-768x1024.jpeg\" srcset=\"https:\/\/despensafranciscana.com\/wp-content\/uploads\/2021\/10\/IMG_6984-768x1024.jpeg 768w, https:\/\/despensafranciscana.com\/wp-content\/uploads\/2021\/10\/IMG_6984-800x1067.jpeg 800w, https:\/\/despensafranciscana.com\/wp-content\/uploads\/2021\/10\/IMG_6984-225x300.jpeg 225w, https:\/\/despensafranciscana.com\/wp-content\/uploads\/2021\/10\/IMG_6984-1152x1536.jpeg 1152w, https:\/\/despensafranciscana.com\/wp-content\/uploads\/2021\/10\/IMG_6984-9x12.jpeg 9w, https:\/\/despensafranciscana.com\/wp-content\/uploads\/2021\/10\/IMG_6984-600x800.jpeg 600w, https:\/\/despensafranciscana.com\/wp-content\/uploads\/2021\/10\/IMG_6984-300x400.jpeg 300w, https:\/\/despensafranciscana.com\/wp-content\/uploads\/2021\/10\/IMG_6984.jpeg 1536w\" sizes=\"(max-width: 768px) 100vw, 768px\" \/><\/figure><\/li><li class=\"wp-block-jetpack-slideshow_slide swiper-slide\"><figure><img decoding=\"async\" width=\"768\" height=\"1024\" alt=\"\" class=\"wp-block-jetpack-slideshow_image wp-image-2530\" data-id=\"2530\" src=\"https:\/\/despensafranciscana.com\/wp-content\/uploads\/2021\/10\/IMG_6982-768x1024.jpeg\" srcset=\"https:\/\/despensafranciscana.com\/wp-content\/uploads\/2021\/10\/IMG_6982-768x1024.jpeg 768w, https:\/\/despensafranciscana.com\/wp-content\/uploads\/2021\/10\/IMG_6982-800x1067.jpeg 800w, https:\/\/despensafranciscana.com\/wp-content\/uploads\/2021\/10\/IMG_6982-225x300.jpeg 225w, https:\/\/despensafranciscana.com\/wp-content\/uploads\/2021\/10\/IMG_6982-1152x1536.jpeg 1152w, https:\/\/despensafranciscana.com\/wp-content\/uploads\/2021\/10\/IMG_6982-9x12.jpeg 9w, https:\/\/despensafranciscana.com\/wp-content\/uploads\/2021\/10\/IMG_6982-600x800.jpeg 600w, https:\/\/despensafranciscana.com\/wp-content\/uploads\/2021\/10\/IMG_6982-300x400.jpeg 300w, https:\/\/despensafranciscana.com\/wp-content\/uploads\/2021\/10\/IMG_6982.jpeg 1536w\" sizes=\"(max-width: 768px) 100vw, 768px\" \/><\/figure><\/li><li class=\"wp-block-jetpack-slideshow_slide swiper-slide\"><figure><img decoding=\"async\" width=\"768\" height=\"1024\" alt=\"\" class=\"wp-block-jetpack-slideshow_image wp-image-2524\" data-id=\"2524\" src=\"https:\/\/despensafranciscana.com\/wp-content\/uploads\/2021\/10\/IMG_6976-768x1024.jpeg\" srcset=\"https:\/\/despensafranciscana.com\/wp-content\/uploads\/2021\/10\/IMG_6976-768x1024.jpeg 768w, https:\/\/despensafranciscana.com\/wp-content\/uploads\/2021\/10\/IMG_6976-800x1067.jpeg 800w, https:\/\/despensafranciscana.com\/wp-content\/uploads\/2021\/10\/IMG_6976-225x300.jpeg 225w, https:\/\/despensafranciscana.com\/wp-content\/uploads\/2021\/10\/IMG_6976-1152x1536.jpeg 1152w, https:\/\/despensafranciscana.com\/wp-content\/uploads\/2021\/10\/IMG_6976-9x12.jpeg 9w, https:\/\/despensafranciscana.com\/wp-content\/uploads\/2021\/10\/IMG_6976-600x800.jpeg 600w, https:\/\/despensafranciscana.com\/wp-content\/uploads\/2021\/10\/IMG_6976-300x400.jpeg 300w, https:\/\/despensafranciscana.com\/wp-content\/uploads\/2021\/10\/IMG_6976.jpeg 1536w\" sizes=\"(max-width: 768px) 100vw, 768px\" \/><\/figure><\/li><li class=\"wp-block-jetpack-slideshow_slide swiper-slide\"><figure><img decoding=\"async\" width=\"768\" height=\"1024\" alt=\"\" class=\"wp-block-jetpack-slideshow_image wp-image-2525\" data-id=\"2525\" src=\"https:\/\/despensafranciscana.com\/wp-content\/uploads\/2021\/10\/IMG_6977-768x1024.jpeg\" srcset=\"https:\/\/despensafranciscana.com\/wp-content\/uploads\/2021\/10\/IMG_6977-768x1024.jpeg 768w, https:\/\/despensafranciscana.com\/wp-content\/uploads\/2021\/10\/IMG_6977-800x1067.jpeg 800w, https:\/\/despensafranciscana.com\/wp-content\/uploads\/2021\/10\/IMG_6977-225x300.jpeg 225w, https:\/\/despensafranciscana.com\/wp-content\/uploads\/2021\/10\/IMG_6977-1152x1536.jpeg 1152w, https:\/\/despensafranciscana.com\/wp-content\/uploads\/2021\/10\/IMG_6977-9x12.jpeg 9w, https:\/\/despensafranciscana.com\/wp-content\/uploads\/2021\/10\/IMG_6977-600x800.jpeg 600w, https:\/\/despensafranciscana.com\/wp-content\/uploads\/2021\/10\/IMG_6977-300x400.jpeg 300w, https:\/\/despensafranciscana.com\/wp-content\/uploads\/2021\/10\/IMG_6977.jpeg 1536w\" sizes=\"(max-width: 768px) 100vw, 768px\" \/><\/figure><\/li><li class=\"wp-block-jetpack-slideshow_slide swiper-slide\"><figure><img decoding=\"async\" width=\"768\" height=\"1024\" alt=\"\" class=\"wp-block-jetpack-slideshow_image wp-image-2526\" data-id=\"2526\" src=\"https:\/\/despensafranciscana.com\/wp-content\/uploads\/2021\/10\/IMG_6978-768x1024.jpeg\" srcset=\"https:\/\/despensafranciscana.com\/wp-content\/uploads\/2021\/10\/IMG_6978-768x1024.jpeg 768w, https:\/\/despensafranciscana.com\/wp-content\/uploads\/2021\/10\/IMG_6978-800x1067.jpeg 800w, https:\/\/despensafranciscana.com\/wp-content\/uploads\/2021\/10\/IMG_6978-225x300.jpeg 225w, https:\/\/despensafranciscana.com\/wp-content\/uploads\/2021\/10\/IMG_6978-1152x1536.jpeg 1152w, https:\/\/despensafranciscana.com\/wp-content\/uploads\/2021\/10\/IMG_6978-9x12.jpeg 9w, https:\/\/despensafranciscana.com\/wp-content\/uploads\/2021\/10\/IMG_6978-600x800.jpeg 600w, https:\/\/despensafranciscana.com\/wp-content\/uploads\/2021\/10\/IMG_6978-300x400.jpeg 300w, https:\/\/despensafranciscana.com\/wp-content\/uploads\/2021\/10\/IMG_6978.jpeg 1536w\" sizes=\"(max-width: 768px) 100vw, 768px\" \/><\/figure><\/li><li class=\"wp-block-jetpack-slideshow_slide swiper-slide\"><figure><img decoding=\"async\" width=\"768\" height=\"1024\" alt=\"\" class=\"wp-block-jetpack-slideshow_image wp-image-2527\" data-id=\"2527\" src=\"https:\/\/despensafranciscana.com\/wp-content\/uploads\/2021\/10\/IMG_6979-768x1024.jpeg\" srcset=\"https:\/\/despensafranciscana.com\/wp-content\/uploads\/2021\/10\/IMG_6979-768x1024.jpeg 768w, https:\/\/despensafranciscana.com\/wp-content\/uploads\/2021\/10\/IMG_6979-800x1067.jpeg 800w, https:\/\/despensafranciscana.com\/wp-content\/uploads\/2021\/10\/IMG_6979-225x300.jpeg 225w, https:\/\/despensafranciscana.com\/wp-content\/uploads\/2021\/10\/IMG_6979-1152x1536.jpeg 1152w, https:\/\/despensafranciscana.com\/wp-content\/uploads\/2021\/10\/IMG_6979-9x12.jpeg 9w, https:\/\/despensafranciscana.com\/wp-content\/uploads\/2021\/10\/IMG_6979-600x800.jpeg 600w, https:\/\/despensafranciscana.com\/wp-content\/uploads\/2021\/10\/IMG_6979-300x400.jpeg 300w, https:\/\/despensafranciscana.com\/wp-content\/uploads\/2021\/10\/IMG_6979.jpeg 1536w\" sizes=\"(max-width: 768px) 100vw, 768px\" \/><\/figure><\/li><li class=\"wp-block-jetpack-slideshow_slide swiper-slide\"><figure><img decoding=\"async\" width=\"768\" height=\"1024\" alt=\"\" class=\"wp-block-jetpack-slideshow_image wp-image-2528\" data-id=\"2528\" src=\"https:\/\/despensafranciscana.com\/wp-content\/uploads\/2021\/10\/IMG_6980-768x1024.jpeg\" srcset=\"https:\/\/despensafranciscana.com\/wp-content\/uploads\/2021\/10\/IMG_6980-768x1024.jpeg 768w, https:\/\/despensafranciscana.com\/wp-content\/uploads\/2021\/10\/IMG_6980-800x1067.jpeg 800w, https:\/\/despensafranciscana.com\/wp-content\/uploads\/2021\/10\/IMG_6980-225x300.jpeg 225w, https:\/\/despensafranciscana.com\/wp-content\/uploads\/2021\/10\/IMG_6980-1152x1536.jpeg 1152w, https:\/\/despensafranciscana.com\/wp-content\/uploads\/2021\/10\/IMG_6980-9x12.jpeg 9w, https:\/\/despensafranciscana.com\/wp-content\/uploads\/2021\/10\/IMG_6980-600x800.jpeg 600w, https:\/\/despensafranciscana.com\/wp-content\/uploads\/2021\/10\/IMG_6980-300x400.jpeg 300w, https:\/\/despensafranciscana.com\/wp-content\/uploads\/2021\/10\/IMG_6980.jpeg 1536w\" sizes=\"(max-width: 768px) 100vw, 768px\" \/><\/figure><\/li><li class=\"wp-block-jetpack-slideshow_slide swiper-slide\"><figure><img decoding=\"async\" width=\"768\" height=\"1024\" alt=\"\" class=\"wp-block-jetpack-slideshow_image wp-image-2529\" data-id=\"2529\" src=\"https:\/\/despensafranciscana.com\/wp-content\/uploads\/2021\/10\/IMG_6981-768x1024.jpeg\" srcset=\"https:\/\/despensafranciscana.com\/wp-content\/uploads\/2021\/10\/IMG_6981-768x1024.jpeg 768w, https:\/\/despensafranciscana.com\/wp-content\/uploads\/2021\/10\/IMG_6981-800x1067.jpeg 800w, https:\/\/despensafranciscana.com\/wp-content\/uploads\/2021\/10\/IMG_6981-225x300.jpeg 225w, https:\/\/despensafranciscana.com\/wp-content\/uploads\/2021\/10\/IMG_6981-1152x1536.jpeg 1152w, https:\/\/despensafranciscana.com\/wp-content\/uploads\/2021\/10\/IMG_6981-9x12.jpeg 9w, https:\/\/despensafranciscana.com\/wp-content\/uploads\/2021\/10\/IMG_6981-600x800.jpeg 600w, https:\/\/despensafranciscana.com\/wp-content\/uploads\/2021\/10\/IMG_6981-300x400.jpeg 300w, https:\/\/despensafranciscana.com\/wp-content\/uploads\/2021\/10\/IMG_6981.jpeg 1536w\" sizes=\"(max-width: 768px) 100vw, 768px\" \/><\/figure><\/li><li class=\"wp-block-jetpack-slideshow_slide swiper-slide\"><figure><img decoding=\"async\" width=\"768\" height=\"1024\" alt=\"\" class=\"wp-block-jetpack-slideshow_image wp-image-2523\" data-id=\"2523\" src=\"https:\/\/despensafranciscana.com\/wp-content\/uploads\/2021\/10\/IMG_6975-768x1024.jpeg\" srcset=\"https:\/\/despensafranciscana.com\/wp-content\/uploads\/2021\/10\/IMG_6975-768x1024.jpeg 768w, https:\/\/despensafranciscana.com\/wp-content\/uploads\/2021\/10\/IMG_6975-800x1067.jpeg 800w, https:\/\/despensafranciscana.com\/wp-content\/uploads\/2021\/10\/IMG_6975-225x300.jpeg 225w, https:\/\/despensafranciscana.com\/wp-content\/uploads\/2021\/10\/IMG_6975-1152x1536.jpeg 1152w, https:\/\/despensafranciscana.com\/wp-content\/uploads\/2021\/10\/IMG_6975-9x12.jpeg 9w, https:\/\/despensafranciscana.com\/wp-content\/uploads\/2021\/10\/IMG_6975-600x800.jpeg 600w, https:\/\/despensafranciscana.com\/wp-content\/uploads\/2021\/10\/IMG_6975-300x400.jpeg 300w, https:\/\/despensafranciscana.com\/wp-content\/uploads\/2021\/10\/IMG_6975.jpeg 1536w\" sizes=\"(max-width: 768px) 100vw, 768px\" \/><\/figure><\/li><li class=\"wp-block-jetpack-slideshow_slide swiper-slide\"><figure><img decoding=\"async\" width=\"768\" height=\"1024\" alt=\"\" class=\"wp-block-jetpack-slideshow_image wp-image-2522\" data-id=\"2522\" src=\"https:\/\/despensafranciscana.com\/wp-content\/uploads\/2021\/10\/IMG_6974-768x1024.jpeg\" srcset=\"https:\/\/despensafranciscana.com\/wp-content\/uploads\/2021\/10\/IMG_6974-768x1024.jpeg 768w, https:\/\/despensafranciscana.com\/wp-content\/uploads\/2021\/10\/IMG_6974-800x1067.jpeg 800w, https:\/\/despensafranciscana.com\/wp-content\/uploads\/2021\/10\/IMG_6974-225x300.jpeg 225w, https:\/\/despensafranciscana.com\/wp-content\/uploads\/2021\/10\/IMG_6974-1152x1536.jpeg 1152w, https:\/\/despensafranciscana.com\/wp-content\/uploads\/2021\/10\/IMG_6974-9x12.jpeg 9w, https:\/\/despensafranciscana.com\/wp-content\/uploads\/2021\/10\/IMG_6974-600x800.jpeg 600w, https:\/\/despensafranciscana.com\/wp-content\/uploads\/2021\/10\/IMG_6974-300x400.jpeg 300w, https:\/\/despensafranciscana.com\/wp-content\/uploads\/2021\/10\/IMG_6974.jpeg 1536w\" sizes=\"(max-width: 768px) 100vw, 768px\" \/><\/figure><\/li><li class=\"wp-block-jetpack-slideshow_slide swiper-slide\"><figure><img decoding=\"async\" width=\"768\" height=\"1024\" alt=\"\" class=\"wp-block-jetpack-slideshow_image wp-image-2521\" data-id=\"2521\" src=\"https:\/\/despensafranciscana.com\/wp-content\/uploads\/2021\/10\/IMG_6973-768x1024.jpeg\" srcset=\"https:\/\/despensafranciscana.com\/wp-content\/uploads\/2021\/10\/IMG_6973-768x1024.jpeg 768w, https:\/\/despensafranciscana.com\/wp-content\/uploads\/2021\/10\/IMG_6973-800x1067.jpeg 800w, https:\/\/despensafranciscana.com\/wp-content\/uploads\/2021\/10\/IMG_6973-225x300.jpeg 225w, https:\/\/despensafranciscana.com\/wp-content\/uploads\/2021\/10\/IMG_6973-1152x1536.jpeg 1152w, https:\/\/despensafranciscana.com\/wp-content\/uploads\/2021\/10\/IMG_6973-9x12.jpeg 9w, https:\/\/despensafranciscana.com\/wp-content\/uploads\/2021\/10\/IMG_6973-600x800.jpeg 600w, https:\/\/despensafranciscana.com\/wp-content\/uploads\/2021\/10\/IMG_6973-300x400.jpeg 300w, https:\/\/despensafranciscana.com\/wp-content\/uploads\/2021\/10\/IMG_6973.jpeg 1536w\" sizes=\"(max-width: 768px) 100vw, 768px\" \/><\/figure><\/li><li class=\"wp-block-jetpack-slideshow_slide swiper-slide\"><figure><img decoding=\"async\" width=\"768\" height=\"1024\" alt=\"\" class=\"wp-block-jetpack-slideshow_image wp-image-2520\" data-id=\"2520\" src=\"https:\/\/despensafranciscana.com\/wp-content\/uploads\/2021\/10\/IMG_6972-768x1024.jpeg\" srcset=\"https:\/\/despensafranciscana.com\/wp-content\/uploads\/2021\/10\/IMG_6972-768x1024.jpeg 768w, https:\/\/despensafranciscana.com\/wp-content\/uploads\/2021\/10\/IMG_6972-800x1067.jpeg 800w, https:\/\/despensafranciscana.com\/wp-content\/uploads\/2021\/10\/IMG_6972-225x300.jpeg 225w, https:\/\/despensafranciscana.com\/wp-content\/uploads\/2021\/10\/IMG_6972-1152x1536.jpeg 1152w, https:\/\/despensafranciscana.com\/wp-content\/uploads\/2021\/10\/IMG_6972-9x12.jpeg 9w, https:\/\/despensafranciscana.com\/wp-content\/uploads\/2021\/10\/IMG_6972-600x800.jpeg 600w, https:\/\/despensafranciscana.com\/wp-content\/uploads\/2021\/10\/IMG_6972-300x400.jpeg 300w, https:\/\/despensafranciscana.com\/wp-content\/uploads\/2021\/10\/IMG_6972.jpeg 1536w\" sizes=\"(max-width: 768px) 100vw, 768px\" \/><\/figure><\/li><li class=\"wp-block-jetpack-slideshow_slide swiper-slide\"><figure><img decoding=\"async\" width=\"768\" height=\"1024\" alt=\"\" class=\"wp-block-jetpack-slideshow_image wp-image-2519\" data-id=\"2519\" src=\"https:\/\/despensafranciscana.com\/wp-content\/uploads\/2021\/10\/IMG_6971-768x1024.jpeg\" srcset=\"https:\/\/despensafranciscana.com\/wp-content\/uploads\/2021\/10\/IMG_6971-768x1024.jpeg 768w, https:\/\/despensafranciscana.com\/wp-content\/uploads\/2021\/10\/IMG_6971-800x1067.jpeg 800w, https:\/\/despensafranciscana.com\/wp-content\/uploads\/2021\/10\/IMG_6971-225x300.jpeg 225w, https:\/\/despensafranciscana.com\/wp-content\/uploads\/2021\/10\/IMG_6971-1152x1536.jpeg 1152w, https:\/\/despensafranciscana.com\/wp-content\/uploads\/2021\/10\/IMG_6971-9x12.jpeg 9w, https:\/\/despensafranciscana.com\/wp-content\/uploads\/2021\/10\/IMG_6971-600x800.jpeg 600w, https:\/\/despensafranciscana.com\/wp-content\/uploads\/2021\/10\/IMG_6971-300x400.jpeg 300w, https:\/\/despensafranciscana.com\/wp-content\/uploads\/2021\/10\/IMG_6971.jpeg 1536w\" sizes=\"(max-width: 768px) 100vw, 768px\" \/><\/figure><\/li><li class=\"wp-block-jetpack-slideshow_slide swiper-slide\"><figure><img decoding=\"async\" width=\"768\" height=\"1024\" alt=\"\" class=\"wp-block-jetpack-slideshow_image wp-image-2518\" data-id=\"2518\" src=\"https:\/\/despensafranciscana.com\/wp-content\/uploads\/2021\/10\/IMG_6970-768x1024.jpeg\" srcset=\"https:\/\/despensafranciscana.com\/wp-content\/uploads\/2021\/10\/IMG_6970-768x1024.jpeg 768w, https:\/\/despensafranciscana.com\/wp-content\/uploads\/2021\/10\/IMG_6970-800x1067.jpeg 800w, https:\/\/despensafranciscana.com\/wp-content\/uploads\/2021\/10\/IMG_6970-225x300.jpeg 225w, https:\/\/despensafranciscana.com\/wp-content\/uploads\/2021\/10\/IMG_6970-1152x1536.jpeg 1152w, https:\/\/despensafranciscana.com\/wp-content\/uploads\/2021\/10\/IMG_6970-9x12.jpeg 9w, https:\/\/despensafranciscana.com\/wp-content\/uploads\/2021\/10\/IMG_6970-600x800.jpeg 600w, https:\/\/despensafranciscana.com\/wp-content\/uploads\/2021\/10\/IMG_6970-300x400.jpeg 300w, https:\/\/despensafranciscana.com\/wp-content\/uploads\/2021\/10\/IMG_6970.jpeg 1536w\" sizes=\"(max-width: 768px) 100vw, 768px\" \/><\/figure><\/li><li class=\"wp-block-jetpack-slideshow_slide swiper-slide\"><figure><img decoding=\"async\" width=\"768\" height=\"1024\" alt=\"\" class=\"wp-block-jetpack-slideshow_image wp-image-2515\" data-id=\"2515\" src=\"https:\/\/despensafranciscana.com\/wp-content\/uploads\/2021\/10\/IMG_6965-768x1024.jpeg\" srcset=\"https:\/\/despensafranciscana.com\/wp-content\/uploads\/2021\/10\/IMG_6965-768x1024.jpeg 768w, https:\/\/despensafranciscana.com\/wp-content\/uploads\/2021\/10\/IMG_6965-800x1067.jpeg 800w, https:\/\/despensafranciscana.com\/wp-content\/uploads\/2021\/10\/IMG_6965-225x300.jpeg 225w, https:\/\/despensafranciscana.com\/wp-content\/uploads\/2021\/10\/IMG_6965-1152x1536.jpeg 1152w, https:\/\/despensafranciscana.com\/wp-content\/uploads\/2021\/10\/IMG_6965-9x12.jpeg 9w, https:\/\/despensafranciscana.com\/wp-content\/uploads\/2021\/10\/IMG_6965-600x800.jpeg 600w, https:\/\/despensafranciscana.com\/wp-content\/uploads\/2021\/10\/IMG_6965-300x400.jpeg 300w, https:\/\/despensafranciscana.com\/wp-content\/uploads\/2021\/10\/IMG_6965.jpeg 1536w\" sizes=\"(max-width: 768px) 100vw, 768px\" \/><\/figure><\/li><li class=\"wp-block-jetpack-slideshow_slide swiper-slide\"><figure><img decoding=\"async\" width=\"768\" height=\"1024\" alt=\"\" class=\"wp-block-jetpack-slideshow_image wp-image-2516\" data-id=\"2516\" src=\"https:\/\/despensafranciscana.com\/wp-content\/uploads\/2021\/10\/IMG_6967-768x1024.jpeg\" srcset=\"https:\/\/despensafranciscana.com\/wp-content\/uploads\/2021\/10\/IMG_6967-768x1024.jpeg 768w, https:\/\/despensafranciscana.com\/wp-content\/uploads\/2021\/10\/IMG_6967-800x1067.jpeg 800w, https:\/\/despensafranciscana.com\/wp-content\/uploads\/2021\/10\/IMG_6967-225x300.jpeg 225w, https:\/\/despensafranciscana.com\/wp-content\/uploads\/2021\/10\/IMG_6967-1152x1536.jpeg 1152w, https:\/\/despensafranciscana.com\/wp-content\/uploads\/2021\/10\/IMG_6967-9x12.jpeg 9w, https:\/\/despensafranciscana.com\/wp-content\/uploads\/2021\/10\/IMG_6967-600x800.jpeg 600w, https:\/\/despensafranciscana.com\/wp-content\/uploads\/2021\/10\/IMG_6967-300x400.jpeg 300w, https:\/\/despensafranciscana.com\/wp-content\/uploads\/2021\/10\/IMG_6967.jpeg 1536w\" sizes=\"(max-width: 768px) 100vw, 768px\" \/><\/figure><\/li><li class=\"wp-block-jetpack-slideshow_slide swiper-slide\"><figure><img decoding=\"async\" width=\"768\" height=\"1024\" alt=\"\" class=\"wp-block-jetpack-slideshow_image wp-image-2517\" data-id=\"2517\" src=\"https:\/\/despensafranciscana.com\/wp-content\/uploads\/2021\/10\/IMG_6969-768x1024.jpeg\" srcset=\"https:\/\/despensafranciscana.com\/wp-content\/uploads\/2021\/10\/IMG_6969-768x1024.jpeg 768w, https:\/\/despensafranciscana.com\/wp-content\/uploads\/2021\/10\/IMG_6969-800x1067.jpeg 800w, https:\/\/despensafranciscana.com\/wp-content\/uploads\/2021\/10\/IMG_6969-225x300.jpeg 225w, https:\/\/despensafranciscana.com\/wp-content\/uploads\/2021\/10\/IMG_6969-1152x1536.jpeg 1152w, https:\/\/despensafranciscana.com\/wp-content\/uploads\/2021\/10\/IMG_6969-9x12.jpeg 9w, https:\/\/despensafranciscana.com\/wp-content\/uploads\/2021\/10\/IMG_6969-600x800.jpeg 600w, https:\/\/despensafranciscana.com\/wp-content\/uploads\/2021\/10\/IMG_6969-300x400.jpeg 300w, https:\/\/despensafranciscana.com\/wp-content\/uploads\/2021\/10\/IMG_6969.jpeg 1536w\" sizes=\"(max-width: 768px) 100vw, 768px\" \/><\/figure><\/li><\/ul><a class=\"wp-block-jetpack-slideshow_button-prev swiper-button-prev swiper-button-white\" role=\"button\"><\/a><a class=\"wp-block-jetpack-slideshow_button-next swiper-button-next swiper-button-white\" role=\"button\"><\/a><a aria-label=\"Pausar presentaci\u00f3n de diapositivas\" class=\"wp-block-jetpack-slideshow_button-pause\" role=\"button\"><\/a><div class=\"wp-block-jetpack-slideshow_pagination swiper-pagination swiper-pagination-white\"><\/div><\/div><\/div>","protected":false},"excerpt":{"rendered":"<p>No pudimos resistirnos a esta bonita historia.<\/p>","protected":false},"author":1,"featured_media":2551,"comment_status":"closed","ping_status":"open","sticky":false,"template":"","format":"standard","meta":{"footnotes":""},"categories":[56],"tags":[],"class_list":["post-2514","post","type-post","status-publish","format-standard","has-post-thumbnail","hentry","category-experiencias"],"yoast_head":"<!-- This site is optimized with the Yoast SEO plugin v27.4 - https:\/\/yoast.com\/product\/yoast-seo-wordpress\/ -->\n<title>Entrevista ao Produtor - Azeite de Marv\u00e3o - Despensa Franciscana<\/title>\n<meta name=\"robots\" content=\"index, follow, max-snippet:-1, max-image-preview:large, max-video-preview:-1\" \/>\n<link rel=\"canonical\" href=\"https:\/\/despensafranciscana.com\/es\/2021\/10\/18\/entrevista-ao-produtor-azeite-de-marvao\/\" \/>\n<meta property=\"og:locale\" content=\"es_ES\" \/>\n<meta property=\"og:type\" content=\"article\" \/>\n<meta property=\"og:title\" content=\"Entrevista ao Produtor - Azeite de Marv\u00e3o - Despensa Franciscana\" \/>\n<meta property=\"og:description\" content=\"N\u00e3o resistimos a esta bonita hist\u00f3ria.\" \/>\n<meta property=\"og:url\" content=\"https:\/\/despensafranciscana.com\/es\/2021\/10\/18\/entrevista-ao-produtor-azeite-de-marvao\/\" \/>\n<meta property=\"og:site_name\" content=\"Despensa Franciscana\" \/>\n<meta property=\"article:publisher\" content=\"https:\/\/www.facebook.com\/despensafranciscana\/\" \/>\n<meta property=\"article:published_time\" content=\"2021-10-18T21:45:03+00:00\" \/>\n<meta property=\"article:modified_time\" content=\"2025-03-05T09:49:48+00:00\" \/>\n<meta property=\"og:image\" content=\"https:\/\/despensafranciscana.com\/wp-content\/uploads\/2021\/10\/BANNER-BLOG-3.jpg\" \/>\n\t<meta property=\"og:image:width\" content=\"2000\" \/>\n\t<meta property=\"og:image:height\" content=\"968\" \/>\n\t<meta property=\"og:image:type\" content=\"image\/jpeg\" \/>\n<meta name=\"author\" content=\"despensa.admin\" \/>\n<meta name=\"twitter:card\" content=\"summary_large_image\" \/>\n<meta name=\"twitter:label1\" content=\"Escrito por\" \/>\n\t<meta name=\"twitter:data1\" content=\"despensa.admin\" \/>\n\t<meta name=\"twitter:label2\" content=\"Tiempo de lectura\" \/>\n\t<meta name=\"twitter:data2\" content=\"5 minutos\" \/>\n<script type=\"application\/ld+json\" class=\"yoast-schema-graph\">{\"@context\":\"https:\\\/\\\/schema.org\",\"@graph\":[{\"@type\":\"Article\",\"@id\":\"https:\\\/\\\/despensafranciscana.com\\\/2021\\\/10\\\/18\\\/entrevista-ao-produtor-azeite-de-marvao\\\/#article\",\"isPartOf\":{\"@id\":\"https:\\\/\\\/despensafranciscana.com\\\/2021\\\/10\\\/18\\\/entrevista-ao-produtor-azeite-de-marvao\\\/\"},\"author\":{\"name\":\"despensa.admin\",\"@id\":\"https:\\\/\\\/despensafranciscana.com\\\/#\\\/schema\\\/person\\\/f1c27a2ed53e4fdea2da3bdffd88249b\"},\"headline\":\"Entrevista ao Produtor &#8211; Azeite de Marv\u00e3o\",\"datePublished\":\"2021-10-18T21:45:03+00:00\",\"dateModified\":\"2025-03-05T09:49:48+00:00\",\"mainEntityOfPage\":{\"@id\":\"https:\\\/\\\/despensafranciscana.com\\\/2021\\\/10\\\/18\\\/entrevista-ao-produtor-azeite-de-marvao\\\/\"},\"wordCount\":911,\"publisher\":{\"@id\":\"https:\\\/\\\/despensafranciscana.com\\\/#organization\"},\"image\":{\"@id\":\"https:\\\/\\\/despensafranciscana.com\\\/2021\\\/10\\\/18\\\/entrevista-ao-produtor-azeite-de-marvao\\\/#primaryimage\"},\"thumbnailUrl\":\"https:\\\/\\\/despensafranciscana.com\\\/wp-content\\\/uploads\\\/2021\\\/10\\\/BANNER-BLOG-3.jpg\",\"articleSection\":[\"Experi\u00eancias\"],\"inLanguage\":\"es\"},{\"@type\":\"WebPage\",\"@id\":\"https:\\\/\\\/despensafranciscana.com\\\/2021\\\/10\\\/18\\\/entrevista-ao-produtor-azeite-de-marvao\\\/\",\"url\":\"https:\\\/\\\/despensafranciscana.com\\\/2021\\\/10\\\/18\\\/entrevista-ao-produtor-azeite-de-marvao\\\/\",\"name\":\"Entrevista ao Produtor - Azeite de Marv\u00e3o - Despensa Franciscana\",\"isPartOf\":{\"@id\":\"https:\\\/\\\/despensafranciscana.com\\\/#website\"},\"primaryImageOfPage\":{\"@id\":\"https:\\\/\\\/despensafranciscana.com\\\/2021\\\/10\\\/18\\\/entrevista-ao-produtor-azeite-de-marvao\\\/#primaryimage\"},\"image\":{\"@id\":\"https:\\\/\\\/despensafranciscana.com\\\/2021\\\/10\\\/18\\\/entrevista-ao-produtor-azeite-de-marvao\\\/#primaryimage\"},\"thumbnailUrl\":\"https:\\\/\\\/despensafranciscana.com\\\/wp-content\\\/uploads\\\/2021\\\/10\\\/BANNER-BLOG-3.jpg\",\"datePublished\":\"2021-10-18T21:45:03+00:00\",\"dateModified\":\"2025-03-05T09:49:48+00:00\",\"breadcrumb\":{\"@id\":\"https:\\\/\\\/despensafranciscana.com\\\/2021\\\/10\\\/18\\\/entrevista-ao-produtor-azeite-de-marvao\\\/#breadcrumb\"},\"inLanguage\":\"es\",\"potentialAction\":[{\"@type\":\"ReadAction\",\"target\":[\"https:\\\/\\\/despensafranciscana.com\\\/2021\\\/10\\\/18\\\/entrevista-ao-produtor-azeite-de-marvao\\\/\"]}]},{\"@type\":\"ImageObject\",\"inLanguage\":\"es\",\"@id\":\"https:\\\/\\\/despensafranciscana.com\\\/2021\\\/10\\\/18\\\/entrevista-ao-produtor-azeite-de-marvao\\\/#primaryimage\",\"url\":\"https:\\\/\\\/despensafranciscana.com\\\/wp-content\\\/uploads\\\/2021\\\/10\\\/BANNER-BLOG-3.jpg\",\"contentUrl\":\"https:\\\/\\\/despensafranciscana.com\\\/wp-content\\\/uploads\\\/2021\\\/10\\\/BANNER-BLOG-3.jpg\",\"width\":2000,\"height\":968},{\"@type\":\"BreadcrumbList\",\"@id\":\"https:\\\/\\\/despensafranciscana.com\\\/2021\\\/10\\\/18\\\/entrevista-ao-produtor-azeite-de-marvao\\\/#breadcrumb\",\"itemListElement\":[{\"@type\":\"ListItem\",\"position\":1,\"name\":\"In\u00edcio\",\"item\":\"https:\\\/\\\/despensafranciscana.com\\\/\"},{\"@type\":\"ListItem\",\"position\":2,\"name\":\"Entrevista ao Produtor &#8211; Azeite de Marv\u00e3o\"}]},{\"@type\":\"WebSite\",\"@id\":\"https:\\\/\\\/despensafranciscana.com\\\/#website\",\"url\":\"https:\\\/\\\/despensafranciscana.com\\\/\",\"name\":\"Despensa Franciscana\",\"description\":\"Despensa Franciscana\",\"publisher\":{\"@id\":\"https:\\\/\\\/despensafranciscana.com\\\/#organization\"},\"potentialAction\":[{\"@type\":\"SearchAction\",\"target\":{\"@type\":\"EntryPoint\",\"urlTemplate\":\"https:\\\/\\\/despensafranciscana.com\\\/?s={search_term_string}\"},\"query-input\":{\"@type\":\"PropertyValueSpecification\",\"valueRequired\":true,\"valueName\":\"search_term_string\"}}],\"inLanguage\":\"es\"},{\"@type\":\"Organization\",\"@id\":\"https:\\\/\\\/despensafranciscana.com\\\/#organization\",\"name\":\"Despensa Franciscana\",\"url\":\"https:\\\/\\\/despensafranciscana.com\\\/\",\"logo\":{\"@type\":\"ImageObject\",\"inLanguage\":\"es\",\"@id\":\"https:\\\/\\\/despensafranciscana.com\\\/#\\\/schema\\\/logo\\\/image\\\/\",\"url\":\"https:\\\/\\\/despensafranciscana.com\\\/wp-content\\\/uploads\\\/2025\\\/02\\\/despensa-franciscana-revamp-logos-8.png\",\"contentUrl\":\"https:\\\/\\\/despensafranciscana.com\\\/wp-content\\\/uploads\\\/2025\\\/02\\\/despensa-franciscana-revamp-logos-8.png\",\"width\":1920,\"height\":628,\"caption\":\"Despensa Franciscana\"},\"image\":{\"@id\":\"https:\\\/\\\/despensafranciscana.com\\\/#\\\/schema\\\/logo\\\/image\\\/\"},\"sameAs\":[\"https:\\\/\\\/www.facebook.com\\\/despensafranciscana\\\/\",\"https:\\\/\\\/www.instagram.com\\\/despensafranciscana\\\/\"]},{\"@type\":\"Person\",\"@id\":\"https:\\\/\\\/despensafranciscana.com\\\/#\\\/schema\\\/person\\\/f1c27a2ed53e4fdea2da3bdffd88249b\",\"name\":\"despensa.admin\",\"sameAs\":[\"https:\\\/\\\/despensafranciscana.com\"],\"url\":\"https:\\\/\\\/despensafranciscana.com\\\/es\\\/author\\\/despensa-admin\\\/\"}]}<\/script>\n<!-- \/ Yoast SEO plugin. -->","yoast_head_json":{"title":"Entrevista ao Produtor - Azeite de Marv\u00e3o - Despensa Franciscana","robots":{"index":"index","follow":"follow","max-snippet":"max-snippet:-1","max-image-preview":"max-image-preview:large","max-video-preview":"max-video-preview:-1"},"canonical":"https:\/\/despensafranciscana.com\/es\/2021\/10\/18\/entrevista-ao-produtor-azeite-de-marvao\/","og_locale":"es_ES","og_type":"article","og_title":"Entrevista ao Produtor - Azeite de Marv\u00e3o - Despensa Franciscana","og_description":"N\u00e3o resistimos a esta bonita hist\u00f3ria.","og_url":"https:\/\/despensafranciscana.com\/es\/2021\/10\/18\/entrevista-ao-produtor-azeite-de-marvao\/","og_site_name":"Despensa Franciscana","article_publisher":"https:\/\/www.facebook.com\/despensafranciscana\/","article_published_time":"2021-10-18T21:45:03+00:00","article_modified_time":"2025-03-05T09:49:48+00:00","og_image":[{"width":2000,"height":968,"url":"https:\/\/despensafranciscana.com\/wp-content\/uploads\/2021\/10\/BANNER-BLOG-3.jpg","type":"image\/jpeg"}],"author":"despensa.admin","twitter_card":"summary_large_image","twitter_misc":{"Escrito por":"despensa.admin","Tiempo de lectura":"5 minutos"},"schema":{"@context":"https:\/\/schema.org","@graph":[{"@type":"Article","@id":"https:\/\/despensafranciscana.com\/2021\/10\/18\/entrevista-ao-produtor-azeite-de-marvao\/#article","isPartOf":{"@id":"https:\/\/despensafranciscana.com\/2021\/10\/18\/entrevista-ao-produtor-azeite-de-marvao\/"},"author":{"name":"despensa.admin","@id":"https:\/\/despensafranciscana.com\/#\/schema\/person\/f1c27a2ed53e4fdea2da3bdffd88249b"},"headline":"Entrevista ao Produtor &#8211; Azeite de Marv\u00e3o","datePublished":"2021-10-18T21:45:03+00:00","dateModified":"2025-03-05T09:49:48+00:00","mainEntityOfPage":{"@id":"https:\/\/despensafranciscana.com\/2021\/10\/18\/entrevista-ao-produtor-azeite-de-marvao\/"},"wordCount":911,"publisher":{"@id":"https:\/\/despensafranciscana.com\/#organization"},"image":{"@id":"https:\/\/despensafranciscana.com\/2021\/10\/18\/entrevista-ao-produtor-azeite-de-marvao\/#primaryimage"},"thumbnailUrl":"https:\/\/despensafranciscana.com\/wp-content\/uploads\/2021\/10\/BANNER-BLOG-3.jpg","articleSection":["Experi\u00eancias"],"inLanguage":"es"},{"@type":"WebPage","@id":"https:\/\/despensafranciscana.com\/2021\/10\/18\/entrevista-ao-produtor-azeite-de-marvao\/","url":"https:\/\/despensafranciscana.com\/2021\/10\/18\/entrevista-ao-produtor-azeite-de-marvao\/","name":"Entrevista ao Produtor - Azeite de Marv\u00e3o - Despensa Franciscana","isPartOf":{"@id":"https:\/\/despensafranciscana.com\/#website"},"primaryImageOfPage":{"@id":"https:\/\/despensafranciscana.com\/2021\/10\/18\/entrevista-ao-produtor-azeite-de-marvao\/#primaryimage"},"image":{"@id":"https:\/\/despensafranciscana.com\/2021\/10\/18\/entrevista-ao-produtor-azeite-de-marvao\/#primaryimage"},"thumbnailUrl":"https:\/\/despensafranciscana.com\/wp-content\/uploads\/2021\/10\/BANNER-BLOG-3.jpg","datePublished":"2021-10-18T21:45:03+00:00","dateModified":"2025-03-05T09:49:48+00:00","breadcrumb":{"@id":"https:\/\/despensafranciscana.com\/2021\/10\/18\/entrevista-ao-produtor-azeite-de-marvao\/#breadcrumb"},"inLanguage":"es","potentialAction":[{"@type":"ReadAction","target":["https:\/\/despensafranciscana.com\/2021\/10\/18\/entrevista-ao-produtor-azeite-de-marvao\/"]}]},{"@type":"ImageObject","inLanguage":"es","@id":"https:\/\/despensafranciscana.com\/2021\/10\/18\/entrevista-ao-produtor-azeite-de-marvao\/#primaryimage","url":"https:\/\/despensafranciscana.com\/wp-content\/uploads\/2021\/10\/BANNER-BLOG-3.jpg","contentUrl":"https:\/\/despensafranciscana.com\/wp-content\/uploads\/2021\/10\/BANNER-BLOG-3.jpg","width":2000,"height":968},{"@type":"BreadcrumbList","@id":"https:\/\/despensafranciscana.com\/2021\/10\/18\/entrevista-ao-produtor-azeite-de-marvao\/#breadcrumb","itemListElement":[{"@type":"ListItem","position":1,"name":"In\u00edcio","item":"https:\/\/despensafranciscana.com\/"},{"@type":"ListItem","position":2,"name":"Entrevista ao Produtor &#8211; Azeite de Marv\u00e3o"}]},{"@type":"WebSite","@id":"https:\/\/despensafranciscana.com\/#website","url":"https:\/\/despensafranciscana.com\/","name":"Despensa franciscana","description":"Despensa franciscana","publisher":{"@id":"https:\/\/despensafranciscana.com\/#organization"},"potentialAction":[{"@type":"SearchAction","target":{"@type":"EntryPoint","urlTemplate":"https:\/\/despensafranciscana.com\/?s={search_term_string}"},"query-input":{"@type":"PropertyValueSpecification","valueRequired":true,"valueName":"search_term_string"}}],"inLanguage":"es"},{"@type":"Organization","@id":"https:\/\/despensafranciscana.com\/#organization","name":"Despensa franciscana","url":"https:\/\/despensafranciscana.com\/","logo":{"@type":"ImageObject","inLanguage":"es","@id":"https:\/\/despensafranciscana.com\/#\/schema\/logo\/image\/","url":"https:\/\/despensafranciscana.com\/wp-content\/uploads\/2025\/02\/despensa-franciscana-revamp-logos-8.png","contentUrl":"https:\/\/despensafranciscana.com\/wp-content\/uploads\/2025\/02\/despensa-franciscana-revamp-logos-8.png","width":1920,"height":628,"caption":"Despensa Franciscana"},"image":{"@id":"https:\/\/despensafranciscana.com\/#\/schema\/logo\/image\/"},"sameAs":["https:\/\/www.facebook.com\/despensafranciscana\/","https:\/\/www.instagram.com\/despensafranciscana\/"]},{"@type":"Person","@id":"https:\/\/despensafranciscana.com\/#\/schema\/person\/f1c27a2ed53e4fdea2da3bdffd88249b","name":"pantry.admin","sameAs":["https:\/\/despensafranciscana.com"],"url":"https:\/\/despensafranciscana.com\/es\/author\/despensa-admin\/"}]}},"_links":{"self":[{"href":"https:\/\/despensafranciscana.com\/es\/wp-json\/wp\/v2\/posts\/2514","targetHints":{"allow":["GET"]}}],"collection":[{"href":"https:\/\/despensafranciscana.com\/es\/wp-json\/wp\/v2\/posts"}],"about":[{"href":"https:\/\/despensafranciscana.com\/es\/wp-json\/wp\/v2\/types\/post"}],"author":[{"embeddable":true,"href":"https:\/\/despensafranciscana.com\/es\/wp-json\/wp\/v2\/users\/1"}],"replies":[{"embeddable":true,"href":"https:\/\/despensafranciscana.com\/es\/wp-json\/wp\/v2\/comments?post=2514"}],"version-history":[{"count":0,"href":"https:\/\/despensafranciscana.com\/es\/wp-json\/wp\/v2\/posts\/2514\/revisions"}],"wp:featuredmedia":[{"embeddable":true,"href":"https:\/\/despensafranciscana.com\/es\/wp-json\/wp\/v2\/media\/2551"}],"wp:attachment":[{"href":"https:\/\/despensafranciscana.com\/es\/wp-json\/wp\/v2\/media?parent=2514"}],"wp:term":[{"taxonomy":"category","embeddable":true,"href":"https:\/\/despensafranciscana.com\/es\/wp-json\/wp\/v2\/categories?post=2514"},{"taxonomy":"post_tag","embeddable":true,"href":"https:\/\/despensafranciscana.com\/es\/wp-json\/wp\/v2\/tags?post=2514"}],"curies":[{"name":"wp","href":"https:\/\/api.w.org\/{rel}","templated":true}]}}