{"id":2741,"date":"2021-12-27T13:07:39","date_gmt":"2021-12-27T13:07:39","guid":{"rendered":"https:\/\/despensafranciscana.com\/?p=2741"},"modified":"2025-03-05T09:54:14","modified_gmt":"2025-03-05T09:54:14","slug":"a-taberna-do-claro","status":"publish","type":"post","link":"https:\/\/despensafranciscana.com\/de\/2021\/12\/27\/a-taberna-do-claro\/","title":{"rendered":"Claro's Taverne"},"content":{"rendered":"<p>Die Geschichte (und die Geschichte) der Gr\u00fcndung eines Ortes, den wir alle lieben und der \"Taberna do Claro\" hei\u00dft, ist in der Zeit verloren gegangen. Wie der Wein sagt, <em>\"Der Name allein ist schon die halbe Miete\"<\/em>Wenn ich mich recht erinnere, waren die Besitzer Pedro Bonito, der von der Familie abgel\u00f6st wurde, die die Taberna auch heute noch in dritter Generation betreibt, n\u00e4mlich David Marques Claro, gefolgt von seinem Sohn Ant\u00f3nio Dias Claro und derzeit von seinem Schwiegersohn Diamantino da Luz, der zwar nicht dem Namen nach \"Claro\" hei\u00dft, aber im Herzen einer ist. Man kann also mit Sicherheit davon ausgehen, dass die Taberna seit mehr als einem Jahrhundert besteht.<\/p>\n\n\n\n<p>Historisch gesehen war dieses Lokal, eines der wenigen in der Region und heute das einzige in Vale do Peso, wo einst ein Dutzend davon in Betrieb war, der Ort, an dem sich die Landarbeiter am Ende eines harten Arbeitstages auf den Feldern trafen, um sich zu unterhalten, oder, wenn die Winter es nicht zulie\u00dfen, sich dort zu treffen, ihre Copitos zu trinken, Pinochle, Karten und sogar Domino zu spielen. Die Taverne war auch der bevorzugte Ort, um dem Telefon mit seinen spannenden und frenetischen Fu\u00dfballberichten zu lauschen. Sp\u00e4ter hielt der Fernseher Einzug in die meisten Wohnungen unseres sch\u00f6nen Landes.&nbsp;<\/p>\n\n\n\n<p>In der Taberna do Claro entwickelte Herr Ant\u00f3nio Dias Claro neben seiner Arbeit als \"Taberneiro\" parallele Berufe und T\u00e4tigkeiten - Reparatur von Motorr\u00e4dern, Fahrr\u00e4dern und Uhren. Und an dieser Stelle muss eine Ikone von damals gew\u00fcrdigt werden: die \"<em>Ziege<\/em>\", wie sich so viele noch daran erinnern. Ein Leihfahrrad, auf dem viele der jungen Valpesenses von damals ihre ersten Fahrten unternahmen... und zum ersten Mal die \"tola\" brachen.&nbsp;<\/p>\n\n\n\n<p>Herr Claro \u00fcbte auch eine \u00e4u\u00dferst wichtige T\u00e4tigkeit aus, die eng mit seiner Taverne verbunden war: Er war Mesner. Die Rolle, die er jahrzehntelang in der Pfarrkirche innehatte, umfasste die Unterst\u00fctzung des Pfarrers bei allen religi\u00f6sen Zeremonien, und er war f\u00fcr das L\u00e4uten der Glocken bei Messen, Beerdigungen und anderen religi\u00f6sen Zeremonien verantwortlich (und in diesem Fall war das Protokoll streng: den Turm zu besteigen und die zwei gro\u00dfen Glocken der Kirche von Hand zu l\u00e4uten). Aus diesem Grund gingen die Menschen auch zur Taberna, um den Schl\u00fcssel f\u00fcr den Friedhof zu erbitten und um \"das Signal\" (das L\u00e4uten der Glocke) zu erhalten, wenn ihre Angeh\u00f6rigen starben. F\u00fcr seine Hingabe wurde Ant\u00f3nio Claro von der Bev\u00f6lkerung f\u00fcr 60 Jahre Engagement f\u00fcr diese edle Sache geehrt.<\/p>\n\n\n\n<p>Zwischendurch sollten wir auch jemanden erw\u00e4hnen, der nicht weniger als die anderen bereits genannten (ganz im Gegenteil!) zur Gr\u00f6\u00dfe dieses Ortes beigetragen hat: Frau Maria das Dores. \"ti Maria\", wie sie von vielen liebevoll genannt wird, unterst\u00fctzte jahrzehntelang ihren Mann, Herrn Claro, bei seiner Arbeit in der Taberna, indem sie den Posten des \"Chef-Wirts\" \u00fcbernahm, als Herr Ant\u00f3nio Claro verhindert war. Viele Jahre lang war sie die Garantin des Hauses, mit der engen Unterst\u00fctzung ihrer Familie und Freunde, und arbeitete hart und unerm\u00fcdlich in ihrer geliebten Taberna.&nbsp;<\/p>\n\n\n\n<p>Die Zeiten haben sich ge\u00e4ndert, die Gesichter auch, aber die Werte, die Zuneigung, die Pr\u00e4senz, das Wissen und die Gastfreundschaft sind dieselben geblieben. Die Praktiken wurden im Laufe der Zeit aktualisiert und es ist jetzt sehr \u00fcblich, Frauen, sowohl junge als auch alte, in der Taberna do Claro zu sehen. Vom geselligen Beisammensein bis zu den Getr\u00e4nken, es gibt Minis, einige Fadistices und es ist immer noch Zeit f\u00fcr ein paar Possen. &nbsp;<\/p>\n\n\n\n<p>Herr Diamantino Luz (manchen auch bekannt als Diamantino Viz... , <em>oops<\/em>Er hat ein fr\u00f6hliches Gesicht, ein gl\u00fcckliches Gem\u00fct und ist immer, immer bereit, seinem Nachbarn zu helfen. Er ist kein Sakristan, aber er hilft dem Pfarrer bei der Buchhaltung; er ist kein Uhrmacher und repariert auch keine Fahrr\u00e4der, aber er hilft allen, die zu ihm kommen, ehrlich und einfach bei den b\u00fcrokratischen Schwierigkeiten der heutigen Welt. Er tr\u00e4gt den Geist eines Gastwirts in seinem Herzen und in seiner Seele, eine Aufgabe, die er mit Ehre und Engagement \u00fcbernommen hat. In nicht allzu ferner Vergangenheit wechselte er sich, vor allem in den Mittagspausen, mit Herrn Agostinho Ventura da Silva ab - <em>voisin <\/em>ein langj\u00e4hriger, lieber Freund und herzensguter Mensch.&nbsp;<\/p>\n\n\n\n<p>Wie Sie sehen, ist die bescheidene Taberna do Claro ein vielseitiger Ort, viel mehr als ein Caf\u00e9, es ist ein Ort, den jeder liebt, mit einer ganz eigenen Ausstrahlung. Die Kundschaft, die aus den unterschiedlichsten Orten kommt, sei es aus unserem Vale do Peso, aus unserer Gemeinde, aus allen Teilen des Landes und sogar \u00fcber die Grenzen hinaus, l\u00e4sst keine Gelegenheit aus, sie zu besuchen. Sei es, um etwas zu trinken, den ber\u00fchmten Abafadinho zu probieren, einen Imbiss von Frau Manuela zu genie\u00dfen oder einfach nur Herrn Diamantino Hallo zu sagen, dies ist ein herzlicher und besonderer Ort.<\/p>\n\n\n\n<p>Es g\u00e4be noch so viel mehr \u00fcber die Taberna do Claro zu sagen und zu erinnern, aber stattdessen belassen wir es bei der Herausforderung und empfehlen Ihnen einen Besuch... und dass Sie ein Familienmitglied oder einen Freund mitbringen, denn hier... hier wird man immer gut empfangen und man kann sogar eine k\u00f6stliche Mahlzeit genie\u00dfen. <a href=\"http:\/\/despensafranciscana.com\/de\/ginjinha-franciscana\/\">Franziskanische Sauerkirsche!<\/a><\/p>\n\n\n\n<p><em>Von Diamantino Luz<\/em><\/p>\n\n\n\n<div class=\"wp-block-jetpack-slideshow aligncenter\" data-effect=\"slide\"><div class=\"wp-block-jetpack-slideshow_container swiper-container\"><ul class=\"wp-block-jetpack-slideshow_swiper-wrapper swiper-wrapper\"><li class=\"wp-block-jetpack-slideshow_slide swiper-slide\"><figure><img decoding=\"async\" width=\"1024\" height=\"576\" alt=\"\" class=\"wp-block-jetpack-slideshow_image wp-image-2742\" data-id=\"2742\" src=\"https:\/\/despensafranciscana.com\/wp-content\/uploads\/2021\/12\/20180324_184257-1024x576.jpg\" srcset=\"https:\/\/despensafranciscana.com\/wp-content\/uploads\/2021\/12\/20180324_184257-1024x576.jpg 1024w, https:\/\/despensafranciscana.com\/wp-content\/uploads\/2021\/12\/20180324_184257-scaled-800x450.jpg 800w, https:\/\/despensafranciscana.com\/wp-content\/uploads\/2021\/12\/20180324_184257-300x169.jpg 300w, https:\/\/despensafranciscana.com\/wp-content\/uploads\/2021\/12\/20180324_184257-768x432.jpg 768w, https:\/\/despensafranciscana.com\/wp-content\/uploads\/2021\/12\/20180324_184257-1536x864.jpg 1536w, https:\/\/despensafranciscana.com\/wp-content\/uploads\/2021\/12\/20180324_184257-2048x1152.jpg 2048w, https:\/\/despensafranciscana.com\/wp-content\/uploads\/2021\/12\/20180324_184257-18x10.jpg 18w, https:\/\/despensafranciscana.com\/wp-content\/uploads\/2021\/12\/20180324_184257-scaled.jpg 2560w\" sizes=\"(max-width: 1024px) 100vw, 1024px\" \/><\/figure><\/li><li class=\"wp-block-jetpack-slideshow_slide swiper-slide\"><figure><img decoding=\"async\" width=\"1024\" height=\"576\" alt=\"\" class=\"wp-block-jetpack-slideshow_image wp-image-2743\" data-id=\"2743\" src=\"https:\/\/despensafranciscana.com\/wp-content\/uploads\/2021\/12\/20180531_180334-1024x576.jpg\" srcset=\"https:\/\/despensafranciscana.com\/wp-content\/uploads\/2021\/12\/20180531_180334-1024x576.jpg 1024w, https:\/\/despensafranciscana.com\/wp-content\/uploads\/2021\/12\/20180531_180334-scaled-800x450.jpg 800w, https:\/\/despensafranciscana.com\/wp-content\/uploads\/2021\/12\/20180531_180334-300x169.jpg 300w, https:\/\/despensafranciscana.com\/wp-content\/uploads\/2021\/12\/20180531_180334-768x432.jpg 768w, https:\/\/despensafranciscana.com\/wp-content\/uploads\/2021\/12\/20180531_180334-1536x864.jpg 1536w, https:\/\/despensafranciscana.com\/wp-content\/uploads\/2021\/12\/20180531_180334-2048x1152.jpg 2048w, https:\/\/despensafranciscana.com\/wp-content\/uploads\/2021\/12\/20180531_180334-18x10.jpg 18w, https:\/\/despensafranciscana.com\/wp-content\/uploads\/2021\/12\/20180531_180334-1160x653.jpg 1160w, https:\/\/despensafranciscana.com\/wp-content\/uploads\/2021\/12\/20180531_180334-600x338.jpg 600w, https:\/\/despensafranciscana.com\/wp-content\/uploads\/2021\/12\/20180531_180334-scaled.jpg 2560w\" sizes=\"(max-width: 1024px) 100vw, 1024px\" \/><\/figure><\/li><li class=\"wp-block-jetpack-slideshow_slide swiper-slide\"><figure><img decoding=\"async\" width=\"1024\" height=\"576\" alt=\"\" class=\"wp-block-jetpack-slideshow_image wp-image-2745\" data-id=\"2745\" src=\"https:\/\/despensafranciscana.com\/wp-content\/uploads\/2021\/12\/20191026_141755-1024x576.jpg\" srcset=\"https:\/\/despensafranciscana.com\/wp-content\/uploads\/2021\/12\/20191026_141755-1024x576.jpg 1024w, https:\/\/despensafranciscana.com\/wp-content\/uploads\/2021\/12\/20191026_141755-scaled-800x450.jpg 800w, https:\/\/despensafranciscana.com\/wp-content\/uploads\/2021\/12\/20191026_141755-300x169.jpg 300w, https:\/\/despensafranciscana.com\/wp-content\/uploads\/2021\/12\/20191026_141755-768x432.jpg 768w, https:\/\/despensafranciscana.com\/wp-content\/uploads\/2021\/12\/20191026_141755-1536x864.jpg 1536w, https:\/\/despensafranciscana.com\/wp-content\/uploads\/2021\/12\/20191026_141755-2048x1152.jpg 2048w, https:\/\/despensafranciscana.com\/wp-content\/uploads\/2021\/12\/20191026_141755-18x10.jpg 18w, https:\/\/despensafranciscana.com\/wp-content\/uploads\/2021\/12\/20191026_141755-1160x653.jpg 1160w, https:\/\/despensafranciscana.com\/wp-content\/uploads\/2021\/12\/20191026_141755-600x338.jpg 600w, https:\/\/despensafranciscana.com\/wp-content\/uploads\/2021\/12\/20191026_141755-scaled.jpg 2560w\" sizes=\"(max-width: 1024px) 100vw, 1024px\" \/><\/figure><\/li><li class=\"wp-block-jetpack-slideshow_slide swiper-slide\"><figure><img decoding=\"async\" width=\"1024\" height=\"576\" alt=\"\" class=\"wp-block-jetpack-slideshow_image wp-image-2746\" data-id=\"2746\" src=\"https:\/\/despensafranciscana.com\/wp-content\/uploads\/2021\/12\/20200617_194015-1024x576.jpg\" srcset=\"https:\/\/despensafranciscana.com\/wp-content\/uploads\/2021\/12\/20200617_194015-1024x576.jpg 1024w, https:\/\/despensafranciscana.com\/wp-content\/uploads\/2021\/12\/20200617_194015-scaled-800x450.jpg 800w, https:\/\/despensafranciscana.com\/wp-content\/uploads\/2021\/12\/20200617_194015-300x169.jpg 300w, https:\/\/despensafranciscana.com\/wp-content\/uploads\/2021\/12\/20200617_194015-768x432.jpg 768w, https:\/\/despensafranciscana.com\/wp-content\/uploads\/2021\/12\/20200617_194015-1536x864.jpg 1536w, https:\/\/despensafranciscana.com\/wp-content\/uploads\/2021\/12\/20200617_194015-2048x1152.jpg 2048w, https:\/\/despensafranciscana.com\/wp-content\/uploads\/2021\/12\/20200617_194015-18x10.jpg 18w, https:\/\/despensafranciscana.com\/wp-content\/uploads\/2021\/12\/20200617_194015-scaled.jpg 2560w\" sizes=\"(max-width: 1024px) 100vw, 1024px\" \/><\/figure><\/li><li class=\"wp-block-jetpack-slideshow_slide swiper-slide\"><figure><img decoding=\"async\" width=\"1024\" height=\"576\" alt=\"\" class=\"wp-block-jetpack-slideshow_image wp-image-2747\" data-id=\"2747\" src=\"https:\/\/despensafranciscana.com\/wp-content\/uploads\/2021\/12\/20200725_101656-1024x576.jpg\" srcset=\"https:\/\/despensafranciscana.com\/wp-content\/uploads\/2021\/12\/20200725_101656-1024x576.jpg 1024w, https:\/\/despensafranciscana.com\/wp-content\/uploads\/2021\/12\/20200725_101656-scaled-800x450.jpg 800w, https:\/\/despensafranciscana.com\/wp-content\/uploads\/2021\/12\/20200725_101656-300x169.jpg 300w, https:\/\/despensafranciscana.com\/wp-content\/uploads\/2021\/12\/20200725_101656-768x432.jpg 768w, https:\/\/despensafranciscana.com\/wp-content\/uploads\/2021\/12\/20200725_101656-1536x864.jpg 1536w, https:\/\/despensafranciscana.com\/wp-content\/uploads\/2021\/12\/20200725_101656-2048x1152.jpg 2048w, https:\/\/despensafranciscana.com\/wp-content\/uploads\/2021\/12\/20200725_101656-18x10.jpg 18w, https:\/\/despensafranciscana.com\/wp-content\/uploads\/2021\/12\/20200725_101656-scaled.jpg 2560w\" sizes=\"(max-width: 1024px) 100vw, 1024px\" \/><\/figure><\/li><li class=\"wp-block-jetpack-slideshow_slide swiper-slide\"><figure><img decoding=\"async\" width=\"1024\" height=\"1024\" alt=\"\" class=\"wp-block-jetpack-slideshow_image wp-image-2748\" data-id=\"2748\" src=\"https:\/\/despensafranciscana.com\/wp-content\/uploads\/2021\/12\/42153547_2425314607495620_2250170191423995904_n-1024x1024.jpg\" srcset=\"https:\/\/despensafranciscana.com\/wp-content\/uploads\/2021\/12\/42153547_2425314607495620_2250170191423995904_n-1024x1024.jpg 1024w, https:\/\/despensafranciscana.com\/wp-content\/uploads\/2021\/12\/42153547_2425314607495620_2250170191423995904_n-600x600.jpg 600w, https:\/\/despensafranciscana.com\/wp-content\/uploads\/2021\/12\/42153547_2425314607495620_2250170191423995904_n-100x100.jpg 100w, https:\/\/despensafranciscana.com\/wp-content\/uploads\/2021\/12\/42153547_2425314607495620_2250170191423995904_n-800x800.jpg 800w, https:\/\/despensafranciscana.com\/wp-content\/uploads\/2021\/12\/42153547_2425314607495620_2250170191423995904_n-300x300.jpg 300w, https:\/\/despensafranciscana.com\/wp-content\/uploads\/2021\/12\/42153547_2425314607495620_2250170191423995904_n-150x150.jpg 150w, https:\/\/despensafranciscana.com\/wp-content\/uploads\/2021\/12\/42153547_2425314607495620_2250170191423995904_n-768x768.jpg 768w, https:\/\/despensafranciscana.com\/wp-content\/uploads\/2021\/12\/42153547_2425314607495620_2250170191423995904_n-12x12.jpg 12w, https:\/\/despensafranciscana.com\/wp-content\/uploads\/2021\/12\/42153547_2425314607495620_2250170191423995904_n.jpg 1440w\" sizes=\"(max-width: 1024px) 100vw, 1024px\" \/><\/figure><\/li><li class=\"wp-block-jetpack-slideshow_slide swiper-slide\"><figure><img decoding=\"async\" width=\"1024\" height=\"768\" alt=\"\" class=\"wp-block-jetpack-slideshow_image wp-image-2750\" data-id=\"2750\" src=\"https:\/\/despensafranciscana.com\/wp-content\/uploads\/2021\/12\/IMG_7805-1024x768.jpeg\" srcset=\"https:\/\/despensafranciscana.com\/wp-content\/uploads\/2021\/12\/IMG_7805-1024x768.jpeg 1024w, https:\/\/despensafranciscana.com\/wp-content\/uploads\/2021\/12\/IMG_7805-800x600.jpeg 800w, https:\/\/despensafranciscana.com\/wp-content\/uploads\/2021\/12\/IMG_7805-300x225.jpeg 300w, https:\/\/despensafranciscana.com\/wp-content\/uploads\/2021\/12\/IMG_7805-768x576.jpeg 768w, https:\/\/despensafranciscana.com\/wp-content\/uploads\/2021\/12\/IMG_7805-1536x1152.jpeg 1536w, https:\/\/despensafranciscana.com\/wp-content\/uploads\/2021\/12\/IMG_7805-16x12.jpeg 16w, https:\/\/despensafranciscana.com\/wp-content\/uploads\/2021\/12\/IMG_7805-600x450.jpeg 600w, https:\/\/despensafranciscana.com\/wp-content\/uploads\/2021\/12\/IMG_7805.jpeg 2048w\" sizes=\"(max-width: 1024px) 100vw, 1024px\" \/><\/figure><\/li><li class=\"wp-block-jetpack-slideshow_slide swiper-slide\"><figure><img decoding=\"async\" width=\"768\" height=\"1024\" alt=\"\" class=\"wp-block-jetpack-slideshow_image wp-image-2751\" data-id=\"2751\" src=\"https:\/\/despensafranciscana.com\/wp-content\/uploads\/2021\/12\/IMG_7988-768x1024.jpeg\" srcset=\"https:\/\/despensafranciscana.com\/wp-content\/uploads\/2021\/12\/IMG_7988-768x1024.jpeg 768w, https:\/\/despensafranciscana.com\/wp-content\/uploads\/2021\/12\/IMG_7988-800x1067.jpeg 800w, https:\/\/despensafranciscana.com\/wp-content\/uploads\/2021\/12\/IMG_7988-225x300.jpeg 225w, https:\/\/despensafranciscana.com\/wp-content\/uploads\/2021\/12\/IMG_7988-1152x1536.jpeg 1152w, https:\/\/despensafranciscana.com\/wp-content\/uploads\/2021\/12\/IMG_7988-9x12.jpeg 9w, https:\/\/despensafranciscana.com\/wp-content\/uploads\/2021\/12\/IMG_7988-600x800.jpeg 600w, https:\/\/despensafranciscana.com\/wp-content\/uploads\/2021\/12\/IMG_7988-300x400.jpeg 300w, https:\/\/despensafranciscana.com\/wp-content\/uploads\/2021\/12\/IMG_7988.jpeg 1536w\" sizes=\"(max-width: 768px) 100vw, 768px\" \/><\/figure><\/li><li class=\"wp-block-jetpack-slideshow_slide swiper-slide\"><figure><img decoding=\"async\" width=\"1024\" height=\"768\" alt=\"\" class=\"wp-block-jetpack-slideshow_image wp-image-2752\" data-id=\"2752\" src=\"https:\/\/despensafranciscana.com\/wp-content\/uploads\/2021\/12\/IMG_9790-1024x768.jpg\" srcset=\"https:\/\/despensafranciscana.com\/wp-content\/uploads\/2021\/12\/IMG_9790-1024x768.jpg 1024w, https:\/\/despensafranciscana.com\/wp-content\/uploads\/2021\/12\/IMG_9790-800x600.jpg 800w, https:\/\/despensafranciscana.com\/wp-content\/uploads\/2021\/12\/IMG_9790-300x225.jpg 300w, https:\/\/despensafranciscana.com\/wp-content\/uploads\/2021\/12\/IMG_9790-768x576.jpg 768w, https:\/\/despensafranciscana.com\/wp-content\/uploads\/2021\/12\/IMG_9790-1536x1152.jpg 1536w, https:\/\/despensafranciscana.com\/wp-content\/uploads\/2021\/12\/IMG_9790-16x12.jpg 16w, https:\/\/despensafranciscana.com\/wp-content\/uploads\/2021\/12\/IMG_9790-600x450.jpg 600w, https:\/\/despensafranciscana.com\/wp-content\/uploads\/2021\/12\/IMG_9790.jpg 2016w\" sizes=\"(max-width: 1024px) 100vw, 1024px\" \/><\/figure><\/li><li class=\"wp-block-jetpack-slideshow_slide swiper-slide\"><figure><img decoding=\"async\" width=\"1024\" height=\"768\" alt=\"\" class=\"wp-block-jetpack-slideshow_image wp-image-2753\" data-id=\"2753\" src=\"https:\/\/despensafranciscana.com\/wp-content\/uploads\/2021\/12\/Minhas-fotos-138-1024x768.jpg\" srcset=\"https:\/\/despensafranciscana.com\/wp-content\/uploads\/2021\/12\/Minhas-fotos-138-1024x768.jpg 1024w, https:\/\/despensafranciscana.com\/wp-content\/uploads\/2021\/12\/Minhas-fotos-138-800x600.jpg 800w, https:\/\/despensafranciscana.com\/wp-content\/uploads\/2021\/12\/Minhas-fotos-138-300x225.jpg 300w, https:\/\/despensafranciscana.com\/wp-content\/uploads\/2021\/12\/Minhas-fotos-138-768x576.jpg 768w, https:\/\/despensafranciscana.com\/wp-content\/uploads\/2021\/12\/Minhas-fotos-138-1536x1152.jpg 1536w, https:\/\/despensafranciscana.com\/wp-content\/uploads\/2021\/12\/Minhas-fotos-138-16x12.jpg 16w, https:\/\/despensafranciscana.com\/wp-content\/uploads\/2021\/12\/Minhas-fotos-138-600x450.jpg 600w, https:\/\/despensafranciscana.com\/wp-content\/uploads\/2021\/12\/Minhas-fotos-138.jpg 2048w\" sizes=\"(max-width: 1024px) 100vw, 1024px\" \/><\/figure><\/li><li class=\"wp-block-jetpack-slideshow_slide swiper-slide\"><figure><img decoding=\"async\" width=\"993\" height=\"1024\" alt=\"\" class=\"wp-block-jetpack-slideshow_image wp-image-2754\" data-id=\"2754\" src=\"https:\/\/despensafranciscana.com\/wp-content\/uploads\/2021\/12\/Porta-da-Taberna-993x1024.jpg\" srcset=\"https:\/\/despensafranciscana.com\/wp-content\/uploads\/2021\/12\/Porta-da-Taberna-993x1024.jpg 993w, https:\/\/despensafranciscana.com\/wp-content\/uploads\/2021\/12\/Porta-da-Taberna-800x825.jpg 800w, https:\/\/despensafranciscana.com\/wp-content\/uploads\/2021\/12\/Porta-da-Taberna-291x300.jpg 291w, https:\/\/despensafranciscana.com\/wp-content\/uploads\/2021\/12\/Porta-da-Taberna-768x792.jpg 768w, https:\/\/despensafranciscana.com\/wp-content\/uploads\/2021\/12\/Porta-da-Taberna-1490x1536.jpg 1490w, https:\/\/despensafranciscana.com\/wp-content\/uploads\/2021\/12\/Porta-da-Taberna-12x12.jpg 12w, https:\/\/despensafranciscana.com\/wp-content\/uploads\/2021\/12\/Porta-da-Taberna-600x618.jpg 600w, https:\/\/despensafranciscana.com\/wp-content\/uploads\/2021\/12\/Porta-da-Taberna-300x309.jpg 300w, https:\/\/despensafranciscana.com\/wp-content\/uploads\/2021\/12\/Porta-da-Taberna.jpg 1950w\" sizes=\"(max-width: 993px) 100vw, 993px\" \/><\/figure><\/li><li class=\"wp-block-jetpack-slideshow_slide swiper-slide\"><figure><img decoding=\"async\" alt=\"\" class=\"wp-block-jetpack-slideshow_image wp-image-2756\" data-id=\"2756\" src=\"https:\/\/despensafranciscana.com\/wp-content\/uploads\/2021\/12\/Taberna-foto-1024x768.jpg\"\/><figcaption class=\"wp-block-jetpack-slideshow_caption gallery-caption\">OLYMPUS DIGITALKAMERA<\/figcaption><\/figure><\/li><li class=\"wp-block-jetpack-slideshow_slide swiper-slide\"><figure><img decoding=\"async\" width=\"1024\" height=\"768\" alt=\"\" class=\"wp-block-jetpack-slideshow_image wp-image-2759\" data-id=\"2759\" src=\"https:\/\/despensafranciscana.com\/wp-content\/uploads\/2021\/12\/DSC06468-1024x768.jpg\" srcset=\"https:\/\/despensafranciscana.com\/wp-content\/uploads\/2021\/12\/DSC06468-1024x768.jpg 1024w, https:\/\/despensafranciscana.com\/wp-content\/uploads\/2021\/12\/DSC06468-800x600.jpg 800w, https:\/\/despensafranciscana.com\/wp-content\/uploads\/2021\/12\/DSC06468-300x225.jpg 300w, https:\/\/despensafranciscana.com\/wp-content\/uploads\/2021\/12\/DSC06468-768x576.jpg 768w, https:\/\/despensafranciscana.com\/wp-content\/uploads\/2021\/12\/DSC06468-1536x1152.jpg 1536w, https:\/\/despensafranciscana.com\/wp-content\/uploads\/2021\/12\/DSC06468-16x12.jpg 16w, https:\/\/despensafranciscana.com\/wp-content\/uploads\/2021\/12\/DSC06468-600x450.jpg 600w, https:\/\/despensafranciscana.com\/wp-content\/uploads\/2021\/12\/DSC06468.jpg 2048w\" sizes=\"(max-width: 1024px) 100vw, 1024px\" \/><\/figure><\/li><\/ul><a class=\"wp-block-jetpack-slideshow_button-prev swiper-button-prev swiper-button-white\" role=\"button\"><\/a><a class=\"wp-block-jetpack-slideshow_button-next swiper-button-next swiper-button-white\" role=\"button\"><\/a><a aria-label=\"Diashow pausieren\" class=\"wp-block-jetpack-slideshow_button-pause\" role=\"button\"><\/a><div class=\"wp-block-jetpack-slideshow_pagination swiper-pagination swiper-pagination-white\"><\/div><\/div><\/div>","protected":false},"excerpt":{"rendered":"<p>Eine hundertj\u00e4hrige St\u00e4tte in Vale do Peso, die man gesehen haben muss.<\/p>","protected":false},"author":1,"featured_media":2755,"comment_status":"closed","ping_status":"open","sticky":false,"template":"","format":"standard","meta":{"footnotes":""},"categories":[55],"tags":[],"class_list":["post-2741","post","type-post","status-publish","format-standard","has-post-thumbnail","hentry","category-gastronomia"],"yoast_head":"<!-- This site is optimized with the Yoast SEO plugin v27.4 - https:\/\/yoast.com\/product\/yoast-seo-wordpress\/ -->\n<title>A Taberna do Claro - Despensa Franciscana<\/title>\n<meta name=\"robots\" content=\"index, follow, max-snippet:-1, max-image-preview:large, max-video-preview:-1\" \/>\n<link rel=\"canonical\" href=\"https:\/\/despensafranciscana.com\/de\/2021\/12\/27\/a-taberna-do-claro\/\" \/>\n<meta property=\"og:locale\" content=\"de_DE\" \/>\n<meta property=\"og:type\" content=\"article\" \/>\n<meta property=\"og:title\" content=\"A Taberna do Claro - Despensa Franciscana\" \/>\n<meta property=\"og:description\" content=\"Um local centen\u00e1rio em Vale do Peso, de passagem obrigat\u00f3ria.\" \/>\n<meta property=\"og:url\" content=\"https:\/\/despensafranciscana.com\/de\/2021\/12\/27\/a-taberna-do-claro\/\" \/>\n<meta property=\"og:site_name\" content=\"Despensa Franciscana\" \/>\n<meta property=\"article:publisher\" content=\"https:\/\/www.facebook.com\/despensafranciscana\/\" \/>\n<meta property=\"article:published_time\" content=\"2021-12-27T13:07:39+00:00\" \/>\n<meta property=\"article:modified_time\" content=\"2025-03-05T09:54:14+00:00\" \/>\n<meta property=\"og:image\" content=\"https:\/\/despensafranciscana.com\/wp-content\/uploads\/2021\/12\/BANNER-BLOG-3.jpg\" \/>\n\t<meta property=\"og:image:width\" content=\"2000\" \/>\n\t<meta property=\"og:image:height\" content=\"968\" \/>\n\t<meta property=\"og:image:type\" content=\"image\/jpeg\" \/>\n<meta name=\"author\" content=\"despensa.admin\" \/>\n<meta name=\"twitter:card\" content=\"summary_large_image\" \/>\n<meta name=\"twitter:label1\" content=\"Verfasst von\" \/>\n\t<meta name=\"twitter:data1\" content=\"despensa.admin\" \/>\n\t<meta name=\"twitter:label2\" content=\"Gesch\u00e4tzte Lesezeit\" \/>\n\t<meta name=\"twitter:data2\" content=\"5\u00a0Minuten\" \/>\n<script type=\"application\/ld+json\" class=\"yoast-schema-graph\">{\"@context\":\"https:\\\/\\\/schema.org\",\"@graph\":[{\"@type\":\"Article\",\"@id\":\"https:\\\/\\\/despensafranciscana.com\\\/2021\\\/12\\\/27\\\/a-taberna-do-claro\\\/#article\",\"isPartOf\":{\"@id\":\"https:\\\/\\\/despensafranciscana.com\\\/2021\\\/12\\\/27\\\/a-taberna-do-claro\\\/\"},\"author\":{\"name\":\"despensa.admin\",\"@id\":\"https:\\\/\\\/despensafranciscana.com\\\/#\\\/schema\\\/person\\\/f1c27a2ed53e4fdea2da3bdffd88249b\"},\"headline\":\"A Taberna do Claro\",\"datePublished\":\"2021-12-27T13:07:39+00:00\",\"dateModified\":\"2025-03-05T09:54:14+00:00\",\"mainEntityOfPage\":{\"@id\":\"https:\\\/\\\/despensafranciscana.com\\\/2021\\\/12\\\/27\\\/a-taberna-do-claro\\\/\"},\"wordCount\":914,\"publisher\":{\"@id\":\"https:\\\/\\\/despensafranciscana.com\\\/#organization\"},\"image\":{\"@id\":\"https:\\\/\\\/despensafranciscana.com\\\/2021\\\/12\\\/27\\\/a-taberna-do-claro\\\/#primaryimage\"},\"thumbnailUrl\":\"https:\\\/\\\/despensafranciscana.com\\\/wp-content\\\/uploads\\\/2021\\\/12\\\/BANNER-BLOG-3.jpg\",\"articleSection\":[\"Gastronomia\"],\"inLanguage\":\"de\"},{\"@type\":\"WebPage\",\"@id\":\"https:\\\/\\\/despensafranciscana.com\\\/2021\\\/12\\\/27\\\/a-taberna-do-claro\\\/\",\"url\":\"https:\\\/\\\/despensafranciscana.com\\\/2021\\\/12\\\/27\\\/a-taberna-do-claro\\\/\",\"name\":\"A Taberna do Claro - Despensa Franciscana\",\"isPartOf\":{\"@id\":\"https:\\\/\\\/despensafranciscana.com\\\/#website\"},\"primaryImageOfPage\":{\"@id\":\"https:\\\/\\\/despensafranciscana.com\\\/2021\\\/12\\\/27\\\/a-taberna-do-claro\\\/#primaryimage\"},\"image\":{\"@id\":\"https:\\\/\\\/despensafranciscana.com\\\/2021\\\/12\\\/27\\\/a-taberna-do-claro\\\/#primaryimage\"},\"thumbnailUrl\":\"https:\\\/\\\/despensafranciscana.com\\\/wp-content\\\/uploads\\\/2021\\\/12\\\/BANNER-BLOG-3.jpg\",\"datePublished\":\"2021-12-27T13:07:39+00:00\",\"dateModified\":\"2025-03-05T09:54:14+00:00\",\"breadcrumb\":{\"@id\":\"https:\\\/\\\/despensafranciscana.com\\\/2021\\\/12\\\/27\\\/a-taberna-do-claro\\\/#breadcrumb\"},\"inLanguage\":\"de\",\"potentialAction\":[{\"@type\":\"ReadAction\",\"target\":[\"https:\\\/\\\/despensafranciscana.com\\\/2021\\\/12\\\/27\\\/a-taberna-do-claro\\\/\"]}]},{\"@type\":\"ImageObject\",\"inLanguage\":\"de\",\"@id\":\"https:\\\/\\\/despensafranciscana.com\\\/2021\\\/12\\\/27\\\/a-taberna-do-claro\\\/#primaryimage\",\"url\":\"https:\\\/\\\/despensafranciscana.com\\\/wp-content\\\/uploads\\\/2021\\\/12\\\/BANNER-BLOG-3.jpg\",\"contentUrl\":\"https:\\\/\\\/despensafranciscana.com\\\/wp-content\\\/uploads\\\/2021\\\/12\\\/BANNER-BLOG-3.jpg\",\"width\":2000,\"height\":968},{\"@type\":\"BreadcrumbList\",\"@id\":\"https:\\\/\\\/despensafranciscana.com\\\/2021\\\/12\\\/27\\\/a-taberna-do-claro\\\/#breadcrumb\",\"itemListElement\":[{\"@type\":\"ListItem\",\"position\":1,\"name\":\"In\u00edcio\",\"item\":\"https:\\\/\\\/despensafranciscana.com\\\/\"},{\"@type\":\"ListItem\",\"position\":2,\"name\":\"A Taberna do Claro\"}]},{\"@type\":\"WebSite\",\"@id\":\"https:\\\/\\\/despensafranciscana.com\\\/#website\",\"url\":\"https:\\\/\\\/despensafranciscana.com\\\/\",\"name\":\"Despensa Franciscana\",\"description\":\"Despensa Franciscana\",\"publisher\":{\"@id\":\"https:\\\/\\\/despensafranciscana.com\\\/#organization\"},\"potentialAction\":[{\"@type\":\"SearchAction\",\"target\":{\"@type\":\"EntryPoint\",\"urlTemplate\":\"https:\\\/\\\/despensafranciscana.com\\\/?s={search_term_string}\"},\"query-input\":{\"@type\":\"PropertyValueSpecification\",\"valueRequired\":true,\"valueName\":\"search_term_string\"}}],\"inLanguage\":\"de\"},{\"@type\":\"Organization\",\"@id\":\"https:\\\/\\\/despensafranciscana.com\\\/#organization\",\"name\":\"Despensa Franciscana\",\"url\":\"https:\\\/\\\/despensafranciscana.com\\\/\",\"logo\":{\"@type\":\"ImageObject\",\"inLanguage\":\"de\",\"@id\":\"https:\\\/\\\/despensafranciscana.com\\\/#\\\/schema\\\/logo\\\/image\\\/\",\"url\":\"https:\\\/\\\/despensafranciscana.com\\\/wp-content\\\/uploads\\\/2025\\\/02\\\/despensa-franciscana-revamp-logos-8.png\",\"contentUrl\":\"https:\\\/\\\/despensafranciscana.com\\\/wp-content\\\/uploads\\\/2025\\\/02\\\/despensa-franciscana-revamp-logos-8.png\",\"width\":1920,\"height\":628,\"caption\":\"Despensa Franciscana\"},\"image\":{\"@id\":\"https:\\\/\\\/despensafranciscana.com\\\/#\\\/schema\\\/logo\\\/image\\\/\"},\"sameAs\":[\"https:\\\/\\\/www.facebook.com\\\/despensafranciscana\\\/\",\"https:\\\/\\\/www.instagram.com\\\/despensafranciscana\\\/\"]},{\"@type\":\"Person\",\"@id\":\"https:\\\/\\\/despensafranciscana.com\\\/#\\\/schema\\\/person\\\/f1c27a2ed53e4fdea2da3bdffd88249b\",\"name\":\"despensa.admin\",\"sameAs\":[\"https:\\\/\\\/despensafranciscana.com\"],\"url\":\"https:\\\/\\\/despensafranciscana.com\\\/de\\\/author\\\/despensa-admin\\\/\"}]}<\/script>\n<!-- \/ Yoast SEO plugin. -->","yoast_head_json":{"title":"A Taberna do Claro - Despensa Franciscana","robots":{"index":"index","follow":"follow","max-snippet":"max-snippet:-1","max-image-preview":"max-image-preview:large","max-video-preview":"max-video-preview:-1"},"canonical":"https:\/\/despensafranciscana.com\/de\/2021\/12\/27\/a-taberna-do-claro\/","og_locale":"de_DE","og_type":"article","og_title":"A Taberna do Claro - Despensa Franciscana","og_description":"Um local centen\u00e1rio em Vale do Peso, de passagem obrigat\u00f3ria.","og_url":"https:\/\/despensafranciscana.com\/de\/2021\/12\/27\/a-taberna-do-claro\/","og_site_name":"Despensa Franciscana","article_publisher":"https:\/\/www.facebook.com\/despensafranciscana\/","article_published_time":"2021-12-27T13:07:39+00:00","article_modified_time":"2025-03-05T09:54:14+00:00","og_image":[{"width":2000,"height":968,"url":"https:\/\/despensafranciscana.com\/wp-content\/uploads\/2021\/12\/BANNER-BLOG-3.jpg","type":"image\/jpeg"}],"author":"despensa.admin","twitter_card":"summary_large_image","twitter_misc":{"Verfasst von":"despensa.admin","Gesch\u00e4tzte Lesezeit":"5\u00a0Minuten"},"schema":{"@context":"https:\/\/schema.org","@graph":[{"@type":"Article","@id":"https:\/\/despensafranciscana.com\/2021\/12\/27\/a-taberna-do-claro\/#article","isPartOf":{"@id":"https:\/\/despensafranciscana.com\/2021\/12\/27\/a-taberna-do-claro\/"},"author":{"name":"despensa.admin","@id":"https:\/\/despensafranciscana.com\/#\/schema\/person\/f1c27a2ed53e4fdea2da3bdffd88249b"},"headline":"A Taberna do Claro","datePublished":"2021-12-27T13:07:39+00:00","dateModified":"2025-03-05T09:54:14+00:00","mainEntityOfPage":{"@id":"https:\/\/despensafranciscana.com\/2021\/12\/27\/a-taberna-do-claro\/"},"wordCount":914,"publisher":{"@id":"https:\/\/despensafranciscana.com\/#organization"},"image":{"@id":"https:\/\/despensafranciscana.com\/2021\/12\/27\/a-taberna-do-claro\/#primaryimage"},"thumbnailUrl":"https:\/\/despensafranciscana.com\/wp-content\/uploads\/2021\/12\/BANNER-BLOG-3.jpg","articleSection":["Gastronomia"],"inLanguage":"de"},{"@type":"WebPage","@id":"https:\/\/despensafranciscana.com\/2021\/12\/27\/a-taberna-do-claro\/","url":"https:\/\/despensafranciscana.com\/2021\/12\/27\/a-taberna-do-claro\/","name":"A Taberna do Claro - Despensa Franciscana","isPartOf":{"@id":"https:\/\/despensafranciscana.com\/#website"},"primaryImageOfPage":{"@id":"https:\/\/despensafranciscana.com\/2021\/12\/27\/a-taberna-do-claro\/#primaryimage"},"image":{"@id":"https:\/\/despensafranciscana.com\/2021\/12\/27\/a-taberna-do-claro\/#primaryimage"},"thumbnailUrl":"https:\/\/despensafranciscana.com\/wp-content\/uploads\/2021\/12\/BANNER-BLOG-3.jpg","datePublished":"2021-12-27T13:07:39+00:00","dateModified":"2025-03-05T09:54:14+00:00","breadcrumb":{"@id":"https:\/\/despensafranciscana.com\/2021\/12\/27\/a-taberna-do-claro\/#breadcrumb"},"inLanguage":"de","potentialAction":[{"@type":"ReadAction","target":["https:\/\/despensafranciscana.com\/2021\/12\/27\/a-taberna-do-claro\/"]}]},{"@type":"ImageObject","inLanguage":"de","@id":"https:\/\/despensafranciscana.com\/2021\/12\/27\/a-taberna-do-claro\/#primaryimage","url":"https:\/\/despensafranciscana.com\/wp-content\/uploads\/2021\/12\/BANNER-BLOG-3.jpg","contentUrl":"https:\/\/despensafranciscana.com\/wp-content\/uploads\/2021\/12\/BANNER-BLOG-3.jpg","width":2000,"height":968},{"@type":"BreadcrumbList","@id":"https:\/\/despensafranciscana.com\/2021\/12\/27\/a-taberna-do-claro\/#breadcrumb","itemListElement":[{"@type":"ListItem","position":1,"name":"In\u00edcio","item":"https:\/\/despensafranciscana.com\/"},{"@type":"ListItem","position":2,"name":"A Taberna do Claro"}]},{"@type":"WebSite","@id":"https:\/\/despensafranciscana.com\/#website","url":"https:\/\/despensafranciscana.com\/","name":"Franziskanische Speisekammer","description":"Franziskanische Speisekammer","publisher":{"@id":"https:\/\/despensafranciscana.com\/#organization"},"potentialAction":[{"@type":"SearchAction","target":{"@type":"EntryPoint","urlTemplate":"https:\/\/despensafranciscana.com\/?s={search_term_string}"},"query-input":{"@type":"PropertyValueSpecification","valueRequired":true,"valueName":"search_term_string"}}],"inLanguage":"de"},{"@type":"Organization","@id":"https:\/\/despensafranciscana.com\/#organization","name":"Franziskanische Speisekammer","url":"https:\/\/despensafranciscana.com\/","logo":{"@type":"ImageObject","inLanguage":"de","@id":"https:\/\/despensafranciscana.com\/#\/schema\/logo\/image\/","url":"https:\/\/despensafranciscana.com\/wp-content\/uploads\/2025\/02\/despensa-franciscana-revamp-logos-8.png","contentUrl":"https:\/\/despensafranciscana.com\/wp-content\/uploads\/2025\/02\/despensa-franciscana-revamp-logos-8.png","width":1920,"height":628,"caption":"Despensa Franciscana"},"image":{"@id":"https:\/\/despensafranciscana.com\/#\/schema\/logo\/image\/"},"sameAs":["https:\/\/www.facebook.com\/despensafranciscana\/","https:\/\/www.instagram.com\/despensafranciscana\/"]},{"@type":"Person","@id":"https:\/\/despensafranciscana.com\/#\/schema\/person\/f1c27a2ed53e4fdea2da3bdffd88249b","name":"pantry.admin","sameAs":["https:\/\/despensafranciscana.com"],"url":"https:\/\/despensafranciscana.com\/de\/author\/despensa-admin\/"}]}},"_links":{"self":[{"href":"https:\/\/despensafranciscana.com\/de\/wp-json\/wp\/v2\/posts\/2741","targetHints":{"allow":["GET"]}}],"collection":[{"href":"https:\/\/despensafranciscana.com\/de\/wp-json\/wp\/v2\/posts"}],"about":[{"href":"https:\/\/despensafranciscana.com\/de\/wp-json\/wp\/v2\/types\/post"}],"author":[{"embeddable":true,"href":"https:\/\/despensafranciscana.com\/de\/wp-json\/wp\/v2\/users\/1"}],"replies":[{"embeddable":true,"href":"https:\/\/despensafranciscana.com\/de\/wp-json\/wp\/v2\/comments?post=2741"}],"version-history":[{"count":0,"href":"https:\/\/despensafranciscana.com\/de\/wp-json\/wp\/v2\/posts\/2741\/revisions"}],"wp:featuredmedia":[{"embeddable":true,"href":"https:\/\/despensafranciscana.com\/de\/wp-json\/wp\/v2\/media\/2755"}],"wp:attachment":[{"href":"https:\/\/despensafranciscana.com\/de\/wp-json\/wp\/v2\/media?parent=2741"}],"wp:term":[{"taxonomy":"category","embeddable":true,"href":"https:\/\/despensafranciscana.com\/de\/wp-json\/wp\/v2\/categories?post=2741"},{"taxonomy":"post_tag","embeddable":true,"href":"https:\/\/despensafranciscana.com\/de\/wp-json\/wp\/v2\/tags?post=2741"}],"curies":[{"name":"wp","href":"https:\/\/api.w.org\/{rel}","templated":true}]}}