{"id":2712,"date":"2021-12-12T12:39:55","date_gmt":"2021-12-12T12:39:55","guid":{"rendered":"https:\/\/despensafranciscana.com\/?p=2712"},"modified":"2025-03-05T09:54:26","modified_gmt":"2025-03-05T09:54:26","slug":"galo-assado","status":"publish","type":"post","link":"https:\/\/despensafranciscana.com\/de\/2021\/12\/12\/galo-assado\/","title":{"rendered":"Brathahn"},"content":{"rendered":"<p>Was essen Sie zum Weihnachtsessen? Bei uns gibt es den typischen Hahnbraten, und er ist k\u00f6stlich. Hier ist das vollst\u00e4ndige Rezept! <\/p>\n\n\n\n<p><strong>ZUTATEN <\/strong><\/p>\n\n\n\n<p>1 ganzer Hahn, \u00fcber Nacht gew\u00fcrzt<\/p>\n\n\n\n<p>Innereien als Beilage <\/p>\n\n\n\n<p>Gew\u00fcrze nach Geschmack <\/p>\n\n\n\n<p>Zerdr\u00fcckter Knoblauch <\/p>\n\n\n\n<p>Natives Oliven\u00f6l extra <\/p>\n\n\n\n<p>Salz <\/p>\n\n\n\n<p>Petersilie <\/p>\n\n\n\n<p>Wei\u00dfwein <\/p>\n\n\n\n<p>Eine halbe ausgepresste Zitrone <\/p>\n\n\n\n<p><\/p>\n\n\n\n<p><strong>VORBEREITUNG <\/strong><\/p>\n\n\n\n<p>1. Alle Gew\u00fcrze zu einem Sirup zersto\u00dfen. Den Hahn von innen und au\u00dfen damit bestreichen. <\/p>\n\n\n\n<p>2. Lege die andere Zitronenh\u00e4lfte in den Hahn. <\/p>\n\n\n\n<p>3. Den Boden des Backblechs mit etwas Oliven\u00f6l und Wei\u00dfwein bestreichen und im auf 180\u00ba vorgeheizten Ofen bei 160\u00ba\/170\u00ba langsam backen, bis die Haut knusprig ist (ca. 2 Stunden). <\/p>\n\n\n\n<p>4. W\u00e4hrend des Bratens den Hahn umdrehen und mehrmals mit der austretenden Fl\u00fcssigkeit begie\u00dfen. Mit dem aus den Innereien des Hahns zubereiteten Reis servieren. <\/p>\n\n\n\n<p><\/p>\n\n\n\n<p><strong>Teile deine Rezepte mit uns!<\/strong><\/p>","protected":false},"excerpt":{"rendered":"<p>Was essen Sie zum Weihnachtsessen? Bei uns gibt es den typischen Hahnbraten.<\/p>","protected":false},"author":1,"featured_media":2700,"comment_status":"closed","ping_status":"open","sticky":false,"template":"","format":"standard","meta":{"footnotes":""},"categories":[54],"tags":[],"class_list":["post-2712","post","type-post","status-publish","format-standard","has-post-thumbnail","hentry","category-receitas"],"yoast_head":"<!-- This site is optimized with the Yoast SEO plugin v27.4 - https:\/\/yoast.com\/product\/yoast-seo-wordpress\/ -->\n<title>Galo Assado - Despensa Franciscana<\/title>\n<meta name=\"robots\" content=\"index, follow, max-snippet:-1, max-image-preview:large, max-video-preview:-1\" \/>\n<link rel=\"canonical\" href=\"https:\/\/despensafranciscana.com\/de\/2021\/12\/12\/galo-assado\/\" \/>\n<meta property=\"og:locale\" content=\"de_DE\" \/>\n<meta property=\"og:type\" content=\"article\" \/>\n<meta property=\"og:title\" content=\"Galo Assado - Despensa Franciscana\" \/>\n<meta property=\"og:description\" content=\"O que comem na Ceia de Natal? Por c\u00e1 comemos o t\u00edpico Galo Assado.\" \/>\n<meta property=\"og:url\" content=\"https:\/\/despensafranciscana.com\/de\/2021\/12\/12\/galo-assado\/\" \/>\n<meta property=\"og:site_name\" content=\"Despensa Franciscana\" \/>\n<meta property=\"article:publisher\" content=\"https:\/\/www.facebook.com\/despensafranciscana\/\" \/>\n<meta property=\"article:published_time\" content=\"2021-12-12T12:39:55+00:00\" \/>\n<meta property=\"article:modified_time\" content=\"2025-03-05T09:54:26+00:00\" \/>\n<meta property=\"og:image\" content=\"https:\/\/despensafranciscana.com\/wp-content\/uploads\/2021\/12\/BANNER-BLOG.jpg\" \/>\n\t<meta property=\"og:image:width\" content=\"2000\" \/>\n\t<meta property=\"og:image:height\" content=\"968\" \/>\n\t<meta property=\"og:image:type\" content=\"image\/jpeg\" \/>\n<meta name=\"author\" content=\"despensa.admin\" \/>\n<meta name=\"twitter:card\" content=\"summary_large_image\" \/>\n<meta name=\"twitter:label1\" content=\"Verfasst von\" \/>\n\t<meta name=\"twitter:data1\" content=\"despensa.admin\" \/>\n\t<meta name=\"twitter:label2\" content=\"Gesch\u00e4tzte Lesezeit\" \/>\n\t<meta name=\"twitter:data2\" content=\"1\u00a0Minute\" \/>\n<script type=\"application\/ld+json\" class=\"yoast-schema-graph\">{\"@context\":\"https:\\\/\\\/schema.org\",\"@graph\":[{\"@type\":\"Article\",\"@id\":\"https:\\\/\\\/despensafranciscana.com\\\/2021\\\/12\\\/12\\\/galo-assado\\\/#article\",\"isPartOf\":{\"@id\":\"https:\\\/\\\/despensafranciscana.com\\\/2021\\\/12\\\/12\\\/galo-assado\\\/\"},\"author\":{\"name\":\"despensa.admin\",\"@id\":\"https:\\\/\\\/despensafranciscana.com\\\/#\\\/schema\\\/person\\\/f1c27a2ed53e4fdea2da3bdffd88249b\"},\"headline\":\"Galo Assado\",\"datePublished\":\"2021-12-12T12:39:55+00:00\",\"dateModified\":\"2025-03-05T09:54:26+00:00\",\"mainEntityOfPage\":{\"@id\":\"https:\\\/\\\/despensafranciscana.com\\\/2021\\\/12\\\/12\\\/galo-assado\\\/\"},\"wordCount\":141,\"publisher\":{\"@id\":\"https:\\\/\\\/despensafranciscana.com\\\/#organization\"},\"image\":{\"@id\":\"https:\\\/\\\/despensafranciscana.com\\\/2021\\\/12\\\/12\\\/galo-assado\\\/#primaryimage\"},\"thumbnailUrl\":\"https:\\\/\\\/despensafranciscana.com\\\/wp-content\\\/uploads\\\/2021\\\/12\\\/BANNER-BLOG.jpg\",\"articleSection\":[\"Receitas\"],\"inLanguage\":\"de\"},{\"@type\":\"WebPage\",\"@id\":\"https:\\\/\\\/despensafranciscana.com\\\/2021\\\/12\\\/12\\\/galo-assado\\\/\",\"url\":\"https:\\\/\\\/despensafranciscana.com\\\/2021\\\/12\\\/12\\\/galo-assado\\\/\",\"name\":\"Galo Assado - Despensa Franciscana\",\"isPartOf\":{\"@id\":\"https:\\\/\\\/despensafranciscana.com\\\/#website\"},\"primaryImageOfPage\":{\"@id\":\"https:\\\/\\\/despensafranciscana.com\\\/2021\\\/12\\\/12\\\/galo-assado\\\/#primaryimage\"},\"image\":{\"@id\":\"https:\\\/\\\/despensafranciscana.com\\\/2021\\\/12\\\/12\\\/galo-assado\\\/#primaryimage\"},\"thumbnailUrl\":\"https:\\\/\\\/despensafranciscana.com\\\/wp-content\\\/uploads\\\/2021\\\/12\\\/BANNER-BLOG.jpg\",\"datePublished\":\"2021-12-12T12:39:55+00:00\",\"dateModified\":\"2025-03-05T09:54:26+00:00\",\"breadcrumb\":{\"@id\":\"https:\\\/\\\/despensafranciscana.com\\\/2021\\\/12\\\/12\\\/galo-assado\\\/#breadcrumb\"},\"inLanguage\":\"de\",\"potentialAction\":[{\"@type\":\"ReadAction\",\"target\":[\"https:\\\/\\\/despensafranciscana.com\\\/2021\\\/12\\\/12\\\/galo-assado\\\/\"]}]},{\"@type\":\"ImageObject\",\"inLanguage\":\"de\",\"@id\":\"https:\\\/\\\/despensafranciscana.com\\\/2021\\\/12\\\/12\\\/galo-assado\\\/#primaryimage\",\"url\":\"https:\\\/\\\/despensafranciscana.com\\\/wp-content\\\/uploads\\\/2021\\\/12\\\/BANNER-BLOG.jpg\",\"contentUrl\":\"https:\\\/\\\/despensafranciscana.com\\\/wp-content\\\/uploads\\\/2021\\\/12\\\/BANNER-BLOG.jpg\",\"width\":2000,\"height\":968},{\"@type\":\"BreadcrumbList\",\"@id\":\"https:\\\/\\\/despensafranciscana.com\\\/2021\\\/12\\\/12\\\/galo-assado\\\/#breadcrumb\",\"itemListElement\":[{\"@type\":\"ListItem\",\"position\":1,\"name\":\"In\u00edcio\",\"item\":\"https:\\\/\\\/despensafranciscana.com\\\/\"},{\"@type\":\"ListItem\",\"position\":2,\"name\":\"Galo Assado\"}]},{\"@type\":\"WebSite\",\"@id\":\"https:\\\/\\\/despensafranciscana.com\\\/#website\",\"url\":\"https:\\\/\\\/despensafranciscana.com\\\/\",\"name\":\"Despensa Franciscana\",\"description\":\"Despensa Franciscana\",\"publisher\":{\"@id\":\"https:\\\/\\\/despensafranciscana.com\\\/#organization\"},\"potentialAction\":[{\"@type\":\"SearchAction\",\"target\":{\"@type\":\"EntryPoint\",\"urlTemplate\":\"https:\\\/\\\/despensafranciscana.com\\\/?s={search_term_string}\"},\"query-input\":{\"@type\":\"PropertyValueSpecification\",\"valueRequired\":true,\"valueName\":\"search_term_string\"}}],\"inLanguage\":\"de\"},{\"@type\":\"Organization\",\"@id\":\"https:\\\/\\\/despensafranciscana.com\\\/#organization\",\"name\":\"Despensa Franciscana\",\"url\":\"https:\\\/\\\/despensafranciscana.com\\\/\",\"logo\":{\"@type\":\"ImageObject\",\"inLanguage\":\"de\",\"@id\":\"https:\\\/\\\/despensafranciscana.com\\\/#\\\/schema\\\/logo\\\/image\\\/\",\"url\":\"https:\\\/\\\/despensafranciscana.com\\\/wp-content\\\/uploads\\\/2025\\\/02\\\/despensa-franciscana-revamp-logos-8.png\",\"contentUrl\":\"https:\\\/\\\/despensafranciscana.com\\\/wp-content\\\/uploads\\\/2025\\\/02\\\/despensa-franciscana-revamp-logos-8.png\",\"width\":1920,\"height\":628,\"caption\":\"Despensa Franciscana\"},\"image\":{\"@id\":\"https:\\\/\\\/despensafranciscana.com\\\/#\\\/schema\\\/logo\\\/image\\\/\"},\"sameAs\":[\"https:\\\/\\\/www.facebook.com\\\/despensafranciscana\\\/\",\"https:\\\/\\\/www.instagram.com\\\/despensafranciscana\\\/\"]},{\"@type\":\"Person\",\"@id\":\"https:\\\/\\\/despensafranciscana.com\\\/#\\\/schema\\\/person\\\/f1c27a2ed53e4fdea2da3bdffd88249b\",\"name\":\"despensa.admin\",\"sameAs\":[\"https:\\\/\\\/despensafranciscana.com\"],\"url\":\"https:\\\/\\\/despensafranciscana.com\\\/de\\\/author\\\/despensa-admin\\\/\"}]}<\/script>\n<!-- \/ Yoast SEO plugin. -->","yoast_head_json":{"title":"Galo Assado - Despensa Franciscana","robots":{"index":"index","follow":"follow","max-snippet":"max-snippet:-1","max-image-preview":"max-image-preview:large","max-video-preview":"max-video-preview:-1"},"canonical":"https:\/\/despensafranciscana.com\/de\/2021\/12\/12\/galo-assado\/","og_locale":"de_DE","og_type":"article","og_title":"Galo Assado - Despensa Franciscana","og_description":"O que comem na Ceia de Natal? Por c\u00e1 comemos o t\u00edpico Galo Assado.","og_url":"https:\/\/despensafranciscana.com\/de\/2021\/12\/12\/galo-assado\/","og_site_name":"Despensa Franciscana","article_publisher":"https:\/\/www.facebook.com\/despensafranciscana\/","article_published_time":"2021-12-12T12:39:55+00:00","article_modified_time":"2025-03-05T09:54:26+00:00","og_image":[{"width":2000,"height":968,"url":"https:\/\/despensafranciscana.com\/wp-content\/uploads\/2021\/12\/BANNER-BLOG.jpg","type":"image\/jpeg"}],"author":"despensa.admin","twitter_card":"summary_large_image","twitter_misc":{"Verfasst von":"despensa.admin","Gesch\u00e4tzte Lesezeit":"1\u00a0Minute"},"schema":{"@context":"https:\/\/schema.org","@graph":[{"@type":"Article","@id":"https:\/\/despensafranciscana.com\/2021\/12\/12\/galo-assado\/#article","isPartOf":{"@id":"https:\/\/despensafranciscana.com\/2021\/12\/12\/galo-assado\/"},"author":{"name":"despensa.admin","@id":"https:\/\/despensafranciscana.com\/#\/schema\/person\/f1c27a2ed53e4fdea2da3bdffd88249b"},"headline":"Galo Assado","datePublished":"2021-12-12T12:39:55+00:00","dateModified":"2025-03-05T09:54:26+00:00","mainEntityOfPage":{"@id":"https:\/\/despensafranciscana.com\/2021\/12\/12\/galo-assado\/"},"wordCount":141,"publisher":{"@id":"https:\/\/despensafranciscana.com\/#organization"},"image":{"@id":"https:\/\/despensafranciscana.com\/2021\/12\/12\/galo-assado\/#primaryimage"},"thumbnailUrl":"https:\/\/despensafranciscana.com\/wp-content\/uploads\/2021\/12\/BANNER-BLOG.jpg","articleSection":["Receitas"],"inLanguage":"de"},{"@type":"WebPage","@id":"https:\/\/despensafranciscana.com\/2021\/12\/12\/galo-assado\/","url":"https:\/\/despensafranciscana.com\/2021\/12\/12\/galo-assado\/","name":"Galo Assado - Despensa Franciscana","isPartOf":{"@id":"https:\/\/despensafranciscana.com\/#website"},"primaryImageOfPage":{"@id":"https:\/\/despensafranciscana.com\/2021\/12\/12\/galo-assado\/#primaryimage"},"image":{"@id":"https:\/\/despensafranciscana.com\/2021\/12\/12\/galo-assado\/#primaryimage"},"thumbnailUrl":"https:\/\/despensafranciscana.com\/wp-content\/uploads\/2021\/12\/BANNER-BLOG.jpg","datePublished":"2021-12-12T12:39:55+00:00","dateModified":"2025-03-05T09:54:26+00:00","breadcrumb":{"@id":"https:\/\/despensafranciscana.com\/2021\/12\/12\/galo-assado\/#breadcrumb"},"inLanguage":"de","potentialAction":[{"@type":"ReadAction","target":["https:\/\/despensafranciscana.com\/2021\/12\/12\/galo-assado\/"]}]},{"@type":"ImageObject","inLanguage":"de","@id":"https:\/\/despensafranciscana.com\/2021\/12\/12\/galo-assado\/#primaryimage","url":"https:\/\/despensafranciscana.com\/wp-content\/uploads\/2021\/12\/BANNER-BLOG.jpg","contentUrl":"https:\/\/despensafranciscana.com\/wp-content\/uploads\/2021\/12\/BANNER-BLOG.jpg","width":2000,"height":968},{"@type":"BreadcrumbList","@id":"https:\/\/despensafranciscana.com\/2021\/12\/12\/galo-assado\/#breadcrumb","itemListElement":[{"@type":"ListItem","position":1,"name":"In\u00edcio","item":"https:\/\/despensafranciscana.com\/"},{"@type":"ListItem","position":2,"name":"Galo Assado"}]},{"@type":"WebSite","@id":"https:\/\/despensafranciscana.com\/#website","url":"https:\/\/despensafranciscana.com\/","name":"Franziskanische Speisekammer","description":"Franziskanische Speisekammer","publisher":{"@id":"https:\/\/despensafranciscana.com\/#organization"},"potentialAction":[{"@type":"SearchAction","target":{"@type":"EntryPoint","urlTemplate":"https:\/\/despensafranciscana.com\/?s={search_term_string}"},"query-input":{"@type":"PropertyValueSpecification","valueRequired":true,"valueName":"search_term_string"}}],"inLanguage":"de"},{"@type":"Organization","@id":"https:\/\/despensafranciscana.com\/#organization","name":"Franziskanische Speisekammer","url":"https:\/\/despensafranciscana.com\/","logo":{"@type":"ImageObject","inLanguage":"de","@id":"https:\/\/despensafranciscana.com\/#\/schema\/logo\/image\/","url":"https:\/\/despensafranciscana.com\/wp-content\/uploads\/2025\/02\/despensa-franciscana-revamp-logos-8.png","contentUrl":"https:\/\/despensafranciscana.com\/wp-content\/uploads\/2025\/02\/despensa-franciscana-revamp-logos-8.png","width":1920,"height":628,"caption":"Despensa Franciscana"},"image":{"@id":"https:\/\/despensafranciscana.com\/#\/schema\/logo\/image\/"},"sameAs":["https:\/\/www.facebook.com\/despensafranciscana\/","https:\/\/www.instagram.com\/despensafranciscana\/"]},{"@type":"Person","@id":"https:\/\/despensafranciscana.com\/#\/schema\/person\/f1c27a2ed53e4fdea2da3bdffd88249b","name":"pantry.admin","sameAs":["https:\/\/despensafranciscana.com"],"url":"https:\/\/despensafranciscana.com\/de\/author\/despensa-admin\/"}]}},"_links":{"self":[{"href":"https:\/\/despensafranciscana.com\/de\/wp-json\/wp\/v2\/posts\/2712","targetHints":{"allow":["GET"]}}],"collection":[{"href":"https:\/\/despensafranciscana.com\/de\/wp-json\/wp\/v2\/posts"}],"about":[{"href":"https:\/\/despensafranciscana.com\/de\/wp-json\/wp\/v2\/types\/post"}],"author":[{"embeddable":true,"href":"https:\/\/despensafranciscana.com\/de\/wp-json\/wp\/v2\/users\/1"}],"replies":[{"embeddable":true,"href":"https:\/\/despensafranciscana.com\/de\/wp-json\/wp\/v2\/comments?post=2712"}],"version-history":[{"count":0,"href":"https:\/\/despensafranciscana.com\/de\/wp-json\/wp\/v2\/posts\/2712\/revisions"}],"wp:featuredmedia":[{"embeddable":true,"href":"https:\/\/despensafranciscana.com\/de\/wp-json\/wp\/v2\/media\/2700"}],"wp:attachment":[{"href":"https:\/\/despensafranciscana.com\/de\/wp-json\/wp\/v2\/media?parent=2712"}],"wp:term":[{"taxonomy":"category","embeddable":true,"href":"https:\/\/despensafranciscana.com\/de\/wp-json\/wp\/v2\/categories?post=2712"},{"taxonomy":"post_tag","embeddable":true,"href":"https:\/\/despensafranciscana.com\/de\/wp-json\/wp\/v2\/tags?post=2712"}],"curies":[{"name":"wp","href":"https:\/\/api.w.org\/{rel}","templated":true}]}}