{"id":2060,"date":"2021-07-14T12:25:53","date_gmt":"2021-07-14T11:25:53","guid":{"rendered":"https:\/\/despensafranciscana.com\/?p=2060"},"modified":"2025-03-05T09:52:27","modified_gmt":"2025-03-05T09:52:27","slug":"entrevista-com-monte-da-colonia","status":"publish","type":"post","link":"https:\/\/despensafranciscana.com\/de\/2021\/07\/14\/entrevista-com-monte-da-colonia\/","title":{"rendered":"Interview mit Monte da Col\u00f3nia"},"content":{"rendered":"<p>Wir hatten ein Gespr\u00e4ch mit der freundlichen Besitzerin von Monte da Col\u00f3nia, Manuela Pereira, die uns ein wenig \u00fcber die Geschichte des Unternehmens und die Produkte, die sie produzieren und verkaufen, erz\u00e4hlte, mit der Zeit, eine neue Referenz im Rotwein zu probieren, die entsteht aus der Kombination von Touriga Nacional und Cabernet Sauvignon. Bald auf dem Markt und in unserer Franziskaner-Speisekammer erh\u00e4ltlich!<\/p>\n\n\n\n<p><\/p>\n\n\n\n<p><strong>Manuela, wie und wann fing alles an?<\/strong><\/p>\n\n\n\n<p><em>Alles begann 1980, als das Unternehmen in den reichen Alentejo-L\u00e4ndern Herdade do Monte da Col\u00f3nia, Vale de Seda, Gemeinde Fronteira, von meinen Eltern Manuel und Idalina Pereira gegr\u00fcndet wurde, die zu dieser Zeit \u00e4u\u00dferst Unternehmer und Vision\u00e4re waren wie sie in die Zukunft blickten. Mit diesem Ehrgeiz, der Partnerschaft und dem t\u00e4glichen Engagement haben sie das Familienunternehmen aufgebaut, auf das sie heute so stolz sind und das durch meine H\u00e4nde und die meines Bruders Ant\u00f3nio weitergeht.<\/em><\/p>\n\n\n\n<p><strong>Dieses Erbe zu haben ist eine gro\u00dfe Verantwortung\u2026<\/strong><\/p>\n\n\n\n<p><em>Ja, dieses Verm\u00e4chtnis von unseren Eltern zu empfangen war so leidenschaftlich, dass es nur ein Akt enormer Demut und Dankbarkeit war, es fortzusetzen. Wir haben einen authentischen Geist und sind mutig in unserem Handeln, da wir jeden Tag alle innovativen Prozesse auf dem Markt suchen, um alle Gesch\u00e4ftsbereiche auf den 1000 Hektar, die wir besitzen, zu erhalten und zu erhalten.<\/em><\/p>\n\n\n\n<p><strong>Und welche Gesch\u00e4ftsfelder sind das?<\/strong><\/p>\n\n\n\n<p><em>Unser Gesch\u00e4ft umfasst im Wesentlichen die Herstellung und Verarbeitung von lokal angebauten Produkten, n\u00e4mlich Oliven\u00f6l, <a href=\"https:\/\/despensafranciscana.com\/de\/produkt\/azeitonas-mistas-inteiras\/\" data-type=\"URL\" data-id=\"https:\/\/despensafranciscana.com\/produto\/azeitonas-mistas-inteiras\/\">konservierte Oliven<\/a> und Weine. Wir haben auch einen Bereich, der der Aufzucht von Rindern und Schafen gewidmet ist.\u00a0<\/em><\/p>\n\n\n\n<p><strong>Erz\u00e4hlen Sie mir ein wenig \u00fcber Ihr \u00d6l und die Herstellungsmethode.<\/strong><\/p>\n\n\n\n<p><em>Heute verf\u00fcgen wir \u00fcber eine hochmodernisierte Kaltextraktionsm\u00fchle, in der wir derzeit nicht nur Oliven aus den 100 Hektar Olivenhainen in Monte da Col\u00f3nia keltern, sondern auch von den Olivenbauern der Region.<\/em><\/p>\n\n\n\n<p><em>Wir produzieren durchschnittlich 200 bis 300.000 Liter \u00d6l pro Saison, aufgeteilt in drei Qualit\u00e4ten -<a href=\"https:\/\/despensafranciscana.com\/de\/produkt\/azeite-virgem-extra-bio\/\"> Natives Oliven\u00f6l Extra Bio<\/a>, <a href=\"https:\/\/despensafranciscana.com\/de\/produkt\/azeite-virgem-extra-3\/\" data-type=\"URL\" data-id=\"https:\/\/despensafranciscana.com\/produto\/azeite-virgem-extra-3\/\">Natives Oliven\u00f6l extra<\/a> und <a href=\"https:\/\/despensafranciscana.com\/de\/produkt\/azeite-virgem-extra-bio-kids\/\" data-type=\"URL\" data-id=\"https:\/\/despensafranciscana.com\/produto\/azeite-virgem-extra-bio-kids\/\">natives Oliven\u00f6l<\/a>. Die Oliven werden am Tag der Ernte verarbeitet, damit die Qualit\u00e4tsstandards unver\u00e4ndert bleiben.&nbsp;<\/em><\/p>\n\n\n\n<p><strong>Und der Gesch\u00e4ftsbereich Weinbau?<\/strong><\/p>\n\n\n\n<p><em>Der Erfolg im Weinbau war zweifellos eine der besten Belohnungen, die die Familie daf\u00fcr erhielt, dass sie in den letzten 20 Jahren den gesamten Prozess des Wachstums und der Gesch\u00e4ftsinnovation riskiert, investiert und daran geglaubt hat.&nbsp;<\/em><\/p>\n\n\n\n<p><em>Von den 20 Hektar, die von den Reben der Sorten \u2013 Aragonez, Cabernet Sauvignon, Arinto, <a href=\"https:\/\/despensafranciscana.com\/de\/produkt\/monte-da-colonia-alicante-bouschet-2019\/\" data-type=\"URL\" data-id=\"https:\/\/despensafranciscana.com\/produto\/monte-da-colonia-alicante-bouschet-2019\/\">Alicante Bouschet<\/a>, Castel\u00e3o, Syrah, Trincadeira, Verdelho, Roupeiro und Touriga Nacional produzieren wir im Durchschnitt:<\/em><\/p>\n\n\n\n<p><em>\u2013 100 Tausend Liter Rotwein, aufgeteilt in mehrere Referenzen \u2013 Eintrag des Sortiments, <a href=\"https:\/\/despensafranciscana.com\/de\/produkt\/monte-da-colonia-colheita-selecionada-2019\/\" data-type=\"URL\" data-id=\"https:\/\/despensafranciscana.com\/produto\/monte-da-colonia-colheita-selecionada-2019\/\">Ausgew\u00e4hlte Ernte<\/a>, Monocasta Syrah, Touriga Nacional, Escolha und <a href=\"https:\/\/despensafranciscana.com\/de\/produkt\/monte-da-colonia-tinto-reserva-2017\/\" data-type=\"URL\" data-id=\"https:\/\/despensafranciscana.com\/produto\/monte-da-colonia-tinto-reserva-2017\/\">Reservieren<\/a>.<\/em><\/p>\n\n\n\n<p><em>\u2013 10 Tausend Liter Wei\u00dfwein mit den Sorten \u2013 Arinto, <a href=\"https:\/\/despensafranciscana.com\/de\/produkt\/monte-da-colonia-branco-colheita-selecionada-2019\/\" data-type=\"URL\" data-id=\"https:\/\/despensafranciscana.com\/produto\/monte-da-colonia-branco-colheita-selecionada-2019\/\">Kleiderschrank<\/a>, unter anderen.<\/em><\/p>\n\n\n\n<p><em>\u2013 6 Tausend Liter Ros\u00e9wein der Sorte \u2013 Touriga Nacional.<\/em><\/p>\n\n\n\n<p><em>\u2026 und weiterhin <a href=\"https:\/\/despensafranciscana.com\/de\/produkt\/monta-da-colonia-vinho-espumante-2018\/\" data-type=\"URL\" data-id=\"https:\/\/despensafranciscana.com\/produto\/monta-da-colonia-vinho-espumante-2018\/\">roher Sekt<\/a> die zusammen mit dem Boden, dem Klima, der Einheit und Hingabe der Familie, ihrer Mitarbeiter und dem Wissen des Winzers Rui Vieira die F\u00fclle der Monte da Col\u00f3nia-Weine garantieren.\u00a0<\/em><\/p>\n\n\n\n<p><strong>Und was kommt Manuela noch?<\/strong><\/p>\n\n\n\n<p><em>Aufgrund der Entwicklung des Gesch\u00e4fts in den letzten Jahren sehen wir das Bed\u00fcrfnis, einen weiteren Schritt nach vorne zu machen und uns f\u00fcr ein nachhaltiges Wachstum aufzustellen, indem wir alle Ressourcen unseres Unternehmens und vor allem alle daraus resultierenden Teilprodukte nutzen aus unserer T\u00e4tigkeit.<\/em><\/p>\n\n\n\n<p><em>Anfang 2020 hat das Unternehmen in den Bau einer Destillerie investiert, in der es eine neue Produktlinie schaffen wird \u2013 Aguardentes, Bafados und Gin, die wir bis Ende des Jahres auf den Markt bringen wollen.<\/em><\/p>\n\n\n\n<p><\/p>\n\n\n\n<p><strong>Alle Produkte von Monte da Col\u00f3nia finden Sie in unserer Speisekammer!<\/strong><\/p>\n\n\n\n<p><\/p>\n\n\n\n<div class=\"wp-block-jetpack-slideshow aligncenter\" data-effect=\"slide\"><div class=\"wp-block-jetpack-slideshow_container swiper-container\"><ul class=\"wp-block-jetpack-slideshow_swiper-wrapper swiper-wrapper\"><li class=\"wp-block-jetpack-slideshow_slide swiper-slide\"><figure><img decoding=\"async\" width=\"820\" height=\"312\" alt=\"\" class=\"wp-block-jetpack-slideshow_image wp-image-2067\" data-id=\"2067\" src=\"https:\/\/despensafranciscana.com\/wp-content\/uploads\/2021\/07\/1.jpg\" srcset=\"https:\/\/despensafranciscana.com\/wp-content\/uploads\/2021\/07\/1.jpg 820w, https:\/\/despensafranciscana.com\/wp-content\/uploads\/2021\/07\/1-800x304.jpg 800w, https:\/\/despensafranciscana.com\/wp-content\/uploads\/2021\/07\/1-300x114.jpg 300w, https:\/\/despensafranciscana.com\/wp-content\/uploads\/2021\/07\/1-768x292.jpg 768w, https:\/\/despensafranciscana.com\/wp-content\/uploads\/2021\/07\/1-600x228.jpg 600w\" sizes=\"(max-width: 820px) 100vw, 820px\" \/><\/figure><\/li><li class=\"wp-block-jetpack-slideshow_slide swiper-slide\"><figure><img decoding=\"async\" width=\"720\" height=\"960\" alt=\"\" class=\"wp-block-jetpack-slideshow_image wp-image-2068\" data-id=\"2068\" src=\"https:\/\/despensafranciscana.com\/wp-content\/uploads\/2021\/07\/2.jpg\" srcset=\"https:\/\/despensafranciscana.com\/wp-content\/uploads\/2021\/07\/2.jpg 720w, https:\/\/despensafranciscana.com\/wp-content\/uploads\/2021\/07\/2-225x300.jpg 225w, https:\/\/despensafranciscana.com\/wp-content\/uploads\/2021\/07\/2-600x800.jpg 600w, https:\/\/despensafranciscana.com\/wp-content\/uploads\/2021\/07\/2-300x400.jpg 300w\" sizes=\"(max-width: 720px) 100vw, 720px\" \/><\/figure><\/li><li class=\"wp-block-jetpack-slideshow_slide swiper-slide\"><figure><img decoding=\"async\" width=\"960\" height=\"720\" alt=\"\" class=\"wp-block-jetpack-slideshow_image wp-image-2069\" data-id=\"2069\" src=\"https:\/\/despensafranciscana.com\/wp-content\/uploads\/2021\/07\/3.jpg\" srcset=\"https:\/\/despensafranciscana.com\/wp-content\/uploads\/2021\/07\/3.jpg 960w, https:\/\/despensafranciscana.com\/wp-content\/uploads\/2021\/07\/3-800x600.jpg 800w, https:\/\/despensafranciscana.com\/wp-content\/uploads\/2021\/07\/3-300x225.jpg 300w, https:\/\/despensafranciscana.com\/wp-content\/uploads\/2021\/07\/3-768x576.jpg 768w, https:\/\/despensafranciscana.com\/wp-content\/uploads\/2021\/07\/3-600x450.jpg 600w\" sizes=\"(max-width: 960px) 100vw, 960px\" \/><\/figure><\/li><li class=\"wp-block-jetpack-slideshow_slide swiper-slide\"><figure><img decoding=\"async\" width=\"720\" height=\"960\" alt=\"\" class=\"wp-block-jetpack-slideshow_image wp-image-2070\" data-id=\"2070\" src=\"https:\/\/despensafranciscana.com\/wp-content\/uploads\/2021\/07\/4.jpg\" srcset=\"https:\/\/despensafranciscana.com\/wp-content\/uploads\/2021\/07\/4.jpg 720w, https:\/\/despensafranciscana.com\/wp-content\/uploads\/2021\/07\/4-225x300.jpg 225w, https:\/\/despensafranciscana.com\/wp-content\/uploads\/2021\/07\/4-600x800.jpg 600w, https:\/\/despensafranciscana.com\/wp-content\/uploads\/2021\/07\/4-300x400.jpg 300w\" sizes=\"(max-width: 720px) 100vw, 720px\" \/><\/figure><\/li><li class=\"wp-block-jetpack-slideshow_slide swiper-slide\"><figure><img decoding=\"async\" width=\"720\" height=\"960\" alt=\"\" class=\"wp-block-jetpack-slideshow_image wp-image-2072\" data-id=\"2072\" src=\"https:\/\/despensafranciscana.com\/wp-content\/uploads\/2021\/07\/6.jpg\" srcset=\"https:\/\/despensafranciscana.com\/wp-content\/uploads\/2021\/07\/6.jpg 720w, https:\/\/despensafranciscana.com\/wp-content\/uploads\/2021\/07\/6-225x300.jpg 225w, https:\/\/despensafranciscana.com\/wp-content\/uploads\/2021\/07\/6-600x800.jpg 600w, https:\/\/despensafranciscana.com\/wp-content\/uploads\/2021\/07\/6-300x400.jpg 300w\" sizes=\"(max-width: 720px) 100vw, 720px\" \/><\/figure><\/li><li class=\"wp-block-jetpack-slideshow_slide swiper-slide\"><figure><img decoding=\"async\" width=\"720\" height=\"960\" alt=\"\" class=\"wp-block-jetpack-slideshow_image wp-image-2071\" data-id=\"2071\" src=\"https:\/\/despensafranciscana.com\/wp-content\/uploads\/2021\/07\/5.jpg\" srcset=\"https:\/\/despensafranciscana.com\/wp-content\/uploads\/2021\/07\/5.jpg 720w, https:\/\/despensafranciscana.com\/wp-content\/uploads\/2021\/07\/5-225x300.jpg 225w, https:\/\/despensafranciscana.com\/wp-content\/uploads\/2021\/07\/5-600x800.jpg 600w, https:\/\/despensafranciscana.com\/wp-content\/uploads\/2021\/07\/5-300x400.jpg 300w\" sizes=\"(max-width: 720px) 100vw, 720px\" \/><\/figure><\/li><li class=\"wp-block-jetpack-slideshow_slide swiper-slide\"><figure><img decoding=\"async\" width=\"960\" height=\"720\" alt=\"\" class=\"wp-block-jetpack-slideshow_image wp-image-2073\" data-id=\"2073\" src=\"https:\/\/despensafranciscana.com\/wp-content\/uploads\/2021\/07\/7.jpg\" srcset=\"https:\/\/despensafranciscana.com\/wp-content\/uploads\/2021\/07\/7.jpg 960w, https:\/\/despensafranciscana.com\/wp-content\/uploads\/2021\/07\/7-800x600.jpg 800w, https:\/\/despensafranciscana.com\/wp-content\/uploads\/2021\/07\/7-300x225.jpg 300w, https:\/\/despensafranciscana.com\/wp-content\/uploads\/2021\/07\/7-768x576.jpg 768w, https:\/\/despensafranciscana.com\/wp-content\/uploads\/2021\/07\/7-600x450.jpg 600w\" sizes=\"(max-width: 960px) 100vw, 960px\" \/><\/figure><\/li><li class=\"wp-block-jetpack-slideshow_slide swiper-slide\"><figure><img decoding=\"async\" width=\"960\" height=\"720\" alt=\"\" class=\"wp-block-jetpack-slideshow_image wp-image-2074\" data-id=\"2074\" src=\"https:\/\/despensafranciscana.com\/wp-content\/uploads\/2021\/07\/8.jpg\" srcset=\"https:\/\/despensafranciscana.com\/wp-content\/uploads\/2021\/07\/8.jpg 960w, https:\/\/despensafranciscana.com\/wp-content\/uploads\/2021\/07\/8-800x600.jpg 800w, https:\/\/despensafranciscana.com\/wp-content\/uploads\/2021\/07\/8-300x225.jpg 300w, https:\/\/despensafranciscana.com\/wp-content\/uploads\/2021\/07\/8-768x576.jpg 768w, https:\/\/despensafranciscana.com\/wp-content\/uploads\/2021\/07\/8-600x450.jpg 600w\" sizes=\"(max-width: 960px) 100vw, 960px\" \/><\/figure><\/li><li class=\"wp-block-jetpack-slideshow_slide swiper-slide\"><figure><img decoding=\"async\" width=\"960\" height=\"720\" alt=\"\" class=\"wp-block-jetpack-slideshow_image wp-image-2075\" data-id=\"2075\" src=\"https:\/\/despensafranciscana.com\/wp-content\/uploads\/2021\/07\/9.jpg\" srcset=\"https:\/\/despensafranciscana.com\/wp-content\/uploads\/2021\/07\/9.jpg 960w, https:\/\/despensafranciscana.com\/wp-content\/uploads\/2021\/07\/9-800x600.jpg 800w, https:\/\/despensafranciscana.com\/wp-content\/uploads\/2021\/07\/9-300x225.jpg 300w, https:\/\/despensafranciscana.com\/wp-content\/uploads\/2021\/07\/9-768x576.jpg 768w, https:\/\/despensafranciscana.com\/wp-content\/uploads\/2021\/07\/9-600x450.jpg 600w\" sizes=\"(max-width: 960px) 100vw, 960px\" \/><\/figure><\/li><li class=\"wp-block-jetpack-slideshow_slide swiper-slide\"><figure><img decoding=\"async\" width=\"960\" height=\"720\" alt=\"\" class=\"wp-block-jetpack-slideshow_image wp-image-2076\" data-id=\"2076\" src=\"https:\/\/despensafranciscana.com\/wp-content\/uploads\/2021\/07\/10.jpg\" srcset=\"https:\/\/despensafranciscana.com\/wp-content\/uploads\/2021\/07\/10.jpg 960w, https:\/\/despensafranciscana.com\/wp-content\/uploads\/2021\/07\/10-800x600.jpg 800w, https:\/\/despensafranciscana.com\/wp-content\/uploads\/2021\/07\/10-300x225.jpg 300w, https:\/\/despensafranciscana.com\/wp-content\/uploads\/2021\/07\/10-768x576.jpg 768w, https:\/\/despensafranciscana.com\/wp-content\/uploads\/2021\/07\/10-600x450.jpg 600w\" sizes=\"(max-width: 960px) 100vw, 960px\" \/><\/figure><\/li><li class=\"wp-block-jetpack-slideshow_slide swiper-slide\"><figure><img decoding=\"async\" width=\"960\" height=\"720\" alt=\"\" class=\"wp-block-jetpack-slideshow_image wp-image-2077\" data-id=\"2077\" src=\"https:\/\/despensafranciscana.com\/wp-content\/uploads\/2021\/07\/11.jpg\" srcset=\"https:\/\/despensafranciscana.com\/wp-content\/uploads\/2021\/07\/11.jpg 960w, https:\/\/despensafranciscana.com\/wp-content\/uploads\/2021\/07\/11-800x600.jpg 800w, https:\/\/despensafranciscana.com\/wp-content\/uploads\/2021\/07\/11-300x225.jpg 300w, https:\/\/despensafranciscana.com\/wp-content\/uploads\/2021\/07\/11-768x576.jpg 768w, https:\/\/despensafranciscana.com\/wp-content\/uploads\/2021\/07\/11-600x450.jpg 600w\" sizes=\"(max-width: 960px) 100vw, 960px\" \/><\/figure><\/li><li class=\"wp-block-jetpack-slideshow_slide swiper-slide\"><figure><img decoding=\"async\" width=\"960\" height=\"720\" alt=\"\" class=\"wp-block-jetpack-slideshow_image wp-image-2078\" data-id=\"2078\" src=\"https:\/\/despensafranciscana.com\/wp-content\/uploads\/2021\/07\/12.jpg\" srcset=\"https:\/\/despensafranciscana.com\/wp-content\/uploads\/2021\/07\/12.jpg 960w, https:\/\/despensafranciscana.com\/wp-content\/uploads\/2021\/07\/12-800x600.jpg 800w, https:\/\/despensafranciscana.com\/wp-content\/uploads\/2021\/07\/12-300x225.jpg 300w, https:\/\/despensafranciscana.com\/wp-content\/uploads\/2021\/07\/12-768x576.jpg 768w, https:\/\/despensafranciscana.com\/wp-content\/uploads\/2021\/07\/12-600x450.jpg 600w\" sizes=\"(max-width: 960px) 100vw, 960px\" \/><\/figure><\/li><li class=\"wp-block-jetpack-slideshow_slide swiper-slide\"><figure><img decoding=\"async\" width=\"720\" height=\"960\" alt=\"\" class=\"wp-block-jetpack-slideshow_image wp-image-2079\" data-id=\"2079\" src=\"https:\/\/despensafranciscana.com\/wp-content\/uploads\/2021\/07\/13.jpg\" srcset=\"https:\/\/despensafranciscana.com\/wp-content\/uploads\/2021\/07\/13.jpg 720w, https:\/\/despensafranciscana.com\/wp-content\/uploads\/2021\/07\/13-225x300.jpg 225w, https:\/\/despensafranciscana.com\/wp-content\/uploads\/2021\/07\/13-600x800.jpg 600w, https:\/\/despensafranciscana.com\/wp-content\/uploads\/2021\/07\/13-300x400.jpg 300w\" sizes=\"(max-width: 720px) 100vw, 720px\" \/><\/figure><\/li><li class=\"wp-block-jetpack-slideshow_slide swiper-slide\"><figure><img decoding=\"async\" width=\"960\" height=\"720\" alt=\"\" class=\"wp-block-jetpack-slideshow_image wp-image-2080\" data-id=\"2080\" src=\"https:\/\/despensafranciscana.com\/wp-content\/uploads\/2021\/07\/14.jpg\" srcset=\"https:\/\/despensafranciscana.com\/wp-content\/uploads\/2021\/07\/14.jpg 960w, https:\/\/despensafranciscana.com\/wp-content\/uploads\/2021\/07\/14-800x600.jpg 800w, https:\/\/despensafranciscana.com\/wp-content\/uploads\/2021\/07\/14-300x225.jpg 300w, https:\/\/despensafranciscana.com\/wp-content\/uploads\/2021\/07\/14-768x576.jpg 768w, https:\/\/despensafranciscana.com\/wp-content\/uploads\/2021\/07\/14-600x450.jpg 600w\" sizes=\"(max-width: 960px) 100vw, 960px\" \/><\/figure><\/li><li class=\"wp-block-jetpack-slideshow_slide swiper-slide\"><figure><img decoding=\"async\" width=\"960\" height=\"720\" alt=\"\" class=\"wp-block-jetpack-slideshow_image wp-image-2081\" data-id=\"2081\" src=\"https:\/\/despensafranciscana.com\/wp-content\/uploads\/2021\/07\/19.jpg\" srcset=\"https:\/\/despensafranciscana.com\/wp-content\/uploads\/2021\/07\/19.jpg 960w, https:\/\/despensafranciscana.com\/wp-content\/uploads\/2021\/07\/19-800x600.jpg 800w, https:\/\/despensafranciscana.com\/wp-content\/uploads\/2021\/07\/19-300x225.jpg 300w, https:\/\/despensafranciscana.com\/wp-content\/uploads\/2021\/07\/19-768x576.jpg 768w, https:\/\/despensafranciscana.com\/wp-content\/uploads\/2021\/07\/19-600x450.jpg 600w\" sizes=\"(max-width: 960px) 100vw, 960px\" \/><\/figure><\/li><li class=\"wp-block-jetpack-slideshow_slide swiper-slide\"><figure><img decoding=\"async\" width=\"720\" height=\"960\" alt=\"\" class=\"wp-block-jetpack-slideshow_image wp-image-2082\" data-id=\"2082\" src=\"https:\/\/despensafranciscana.com\/wp-content\/uploads\/2021\/07\/15.jpg\" srcset=\"https:\/\/despensafranciscana.com\/wp-content\/uploads\/2021\/07\/15.jpg 720w, https:\/\/despensafranciscana.com\/wp-content\/uploads\/2021\/07\/15-225x300.jpg 225w, https:\/\/despensafranciscana.com\/wp-content\/uploads\/2021\/07\/15-600x800.jpg 600w, https:\/\/despensafranciscana.com\/wp-content\/uploads\/2021\/07\/15-300x400.jpg 300w\" sizes=\"(max-width: 720px) 100vw, 720px\" \/><\/figure><\/li><li class=\"wp-block-jetpack-slideshow_slide swiper-slide\"><figure><img decoding=\"async\" width=\"768\" height=\"1024\" alt=\"\" class=\"wp-block-jetpack-slideshow_image wp-image-2083\" data-id=\"2083\" src=\"https:\/\/despensafranciscana.com\/wp-content\/uploads\/2021\/07\/IMG_4790-768x1024.jpeg\" srcset=\"https:\/\/despensafranciscana.com\/wp-content\/uploads\/2021\/07\/IMG_4790-768x1024.jpeg 768w, https:\/\/despensafranciscana.com\/wp-content\/uploads\/2021\/07\/IMG_4790-800x1067.jpeg 800w, https:\/\/despensafranciscana.com\/wp-content\/uploads\/2021\/07\/IMG_4790-225x300.jpeg 225w, https:\/\/despensafranciscana.com\/wp-content\/uploads\/2021\/07\/IMG_4790-1152x1536.jpeg 1152w, https:\/\/despensafranciscana.com\/wp-content\/uploads\/2021\/07\/IMG_4790-600x800.jpeg 600w, https:\/\/despensafranciscana.com\/wp-content\/uploads\/2021\/07\/IMG_4790-300x400.jpeg 300w, https:\/\/despensafranciscana.com\/wp-content\/uploads\/2021\/07\/IMG_4790.jpeg 1536w\" sizes=\"(max-width: 768px) 100vw, 768px\" \/><\/figure><\/li><li class=\"wp-block-jetpack-slideshow_slide swiper-slide\"><figure><img decoding=\"async\" width=\"960\" height=\"720\" alt=\"\" class=\"wp-block-jetpack-slideshow_image wp-image-2084\" data-id=\"2084\" src=\"https:\/\/despensafranciscana.com\/wp-content\/uploads\/2021\/07\/20.jpg\" srcset=\"https:\/\/despensafranciscana.com\/wp-content\/uploads\/2021\/07\/20.jpg 960w, https:\/\/despensafranciscana.com\/wp-content\/uploads\/2021\/07\/20-800x600.jpg 800w, https:\/\/despensafranciscana.com\/wp-content\/uploads\/2021\/07\/20-300x225.jpg 300w, https:\/\/despensafranciscana.com\/wp-content\/uploads\/2021\/07\/20-768x576.jpg 768w, https:\/\/despensafranciscana.com\/wp-content\/uploads\/2021\/07\/20-600x450.jpg 600w\" sizes=\"(max-width: 960px) 100vw, 960px\" \/><\/figure><\/li><li class=\"wp-block-jetpack-slideshow_slide swiper-slide\"><figure><img decoding=\"async\" width=\"960\" height=\"720\" alt=\"\" class=\"wp-block-jetpack-slideshow_image wp-image-2085\" data-id=\"2085\" src=\"https:\/\/despensafranciscana.com\/wp-content\/uploads\/2021\/07\/16.jpg\" srcset=\"https:\/\/despensafranciscana.com\/wp-content\/uploads\/2021\/07\/16.jpg 960w, https:\/\/despensafranciscana.com\/wp-content\/uploads\/2021\/07\/16-800x600.jpg 800w, https:\/\/despensafranciscana.com\/wp-content\/uploads\/2021\/07\/16-300x225.jpg 300w, https:\/\/despensafranciscana.com\/wp-content\/uploads\/2021\/07\/16-768x576.jpg 768w, https:\/\/despensafranciscana.com\/wp-content\/uploads\/2021\/07\/16-600x450.jpg 600w\" sizes=\"(max-width: 960px) 100vw, 960px\" \/><\/figure><\/li><li class=\"wp-block-jetpack-slideshow_slide swiper-slide\"><figure><img decoding=\"async\" width=\"960\" height=\"720\" alt=\"\" class=\"wp-block-jetpack-slideshow_image wp-image-2087\" data-id=\"2087\" src=\"https:\/\/despensafranciscana.com\/wp-content\/uploads\/2021\/07\/17.jpg\" srcset=\"https:\/\/despensafranciscana.com\/wp-content\/uploads\/2021\/07\/17.jpg 960w, https:\/\/despensafranciscana.com\/wp-content\/uploads\/2021\/07\/17-800x600.jpg 800w, https:\/\/despensafranciscana.com\/wp-content\/uploads\/2021\/07\/17-300x225.jpg 300w, https:\/\/despensafranciscana.com\/wp-content\/uploads\/2021\/07\/17-768x576.jpg 768w, https:\/\/despensafranciscana.com\/wp-content\/uploads\/2021\/07\/17-600x450.jpg 600w\" sizes=\"(max-width: 960px) 100vw, 960px\" \/><\/figure><\/li><li class=\"wp-block-jetpack-slideshow_slide swiper-slide\"><figure><img decoding=\"async\" width=\"768\" height=\"1024\" alt=\"\" class=\"wp-block-jetpack-slideshow_image wp-image-2086\" data-id=\"2086\" src=\"https:\/\/despensafranciscana.com\/wp-content\/uploads\/2021\/07\/21-768x1024.jpeg\" srcset=\"https:\/\/despensafranciscana.com\/wp-content\/uploads\/2021\/07\/21-768x1024.jpeg 768w, https:\/\/despensafranciscana.com\/wp-content\/uploads\/2021\/07\/21-800x1067.jpeg 800w, https:\/\/despensafranciscana.com\/wp-content\/uploads\/2021\/07\/21-225x300.jpeg 225w, https:\/\/despensafranciscana.com\/wp-content\/uploads\/2021\/07\/21-1152x1536.jpeg 1152w, https:\/\/despensafranciscana.com\/wp-content\/uploads\/2021\/07\/21-600x800.jpeg 600w, https:\/\/despensafranciscana.com\/wp-content\/uploads\/2021\/07\/21-300x400.jpeg 300w, https:\/\/despensafranciscana.com\/wp-content\/uploads\/2021\/07\/21.jpeg 1536w\" sizes=\"(max-width: 768px) 100vw, 768px\" \/><\/figure><\/li><li class=\"wp-block-jetpack-slideshow_slide swiper-slide\"><figure><img decoding=\"async\" width=\"768\" height=\"1024\" alt=\"\" class=\"wp-block-jetpack-slideshow_image wp-image-2088\" data-id=\"2088\" src=\"https:\/\/despensafranciscana.com\/wp-content\/uploads\/2021\/07\/IMG_4792-768x1024.jpeg\" srcset=\"https:\/\/despensafranciscana.com\/wp-content\/uploads\/2021\/07\/IMG_4792-768x1024.jpeg 768w, https:\/\/despensafranciscana.com\/wp-content\/uploads\/2021\/07\/IMG_4792-800x1067.jpeg 800w, https:\/\/despensafranciscana.com\/wp-content\/uploads\/2021\/07\/IMG_4792-225x300.jpeg 225w, https:\/\/despensafranciscana.com\/wp-content\/uploads\/2021\/07\/IMG_4792-1152x1536.jpeg 1152w, https:\/\/despensafranciscana.com\/wp-content\/uploads\/2021\/07\/IMG_4792-600x800.jpeg 600w, https:\/\/despensafranciscana.com\/wp-content\/uploads\/2021\/07\/IMG_4792-300x400.jpeg 300w, https:\/\/despensafranciscana.com\/wp-content\/uploads\/2021\/07\/IMG_4792.jpeg 1536w\" sizes=\"(max-width: 768px) 100vw, 768px\" \/><\/figure><\/li><li class=\"wp-block-jetpack-slideshow_slide swiper-slide\"><figure><img decoding=\"async\" width=\"720\" height=\"960\" alt=\"\" class=\"wp-block-jetpack-slideshow_image wp-image-2089\" data-id=\"2089\" src=\"https:\/\/despensafranciscana.com\/wp-content\/uploads\/2021\/07\/18.jpg\" srcset=\"https:\/\/despensafranciscana.com\/wp-content\/uploads\/2021\/07\/18.jpg 720w, https:\/\/despensafranciscana.com\/wp-content\/uploads\/2021\/07\/18-225x300.jpg 225w, https:\/\/despensafranciscana.com\/wp-content\/uploads\/2021\/07\/18-600x800.jpg 600w, https:\/\/despensafranciscana.com\/wp-content\/uploads\/2021\/07\/18-300x400.jpg 300w\" sizes=\"(max-width: 720px) 100vw, 720px\" \/><\/figure><\/li><li class=\"wp-block-jetpack-slideshow_slide swiper-slide\"><figure><img decoding=\"async\" width=\"768\" height=\"1024\" alt=\"\" class=\"wp-block-jetpack-slideshow_image wp-image-2090\" data-id=\"2090\" src=\"https:\/\/despensafranciscana.com\/wp-content\/uploads\/2021\/07\/IMG_4793-768x1024.jpeg\" srcset=\"https:\/\/despensafranciscana.com\/wp-content\/uploads\/2021\/07\/IMG_4793-768x1024.jpeg 768w, https:\/\/despensafranciscana.com\/wp-content\/uploads\/2021\/07\/IMG_4793-800x1067.jpeg 800w, https:\/\/despensafranciscana.com\/wp-content\/uploads\/2021\/07\/IMG_4793-225x300.jpeg 225w, https:\/\/despensafranciscana.com\/wp-content\/uploads\/2021\/07\/IMG_4793-1152x1536.jpeg 1152w, https:\/\/despensafranciscana.com\/wp-content\/uploads\/2021\/07\/IMG_4793-600x800.jpeg 600w, https:\/\/despensafranciscana.com\/wp-content\/uploads\/2021\/07\/IMG_4793-300x400.jpeg 300w, https:\/\/despensafranciscana.com\/wp-content\/uploads\/2021\/07\/IMG_4793.jpeg 1536w\" sizes=\"(max-width: 768px) 100vw, 768px\" \/><\/figure><\/li><li class=\"wp-block-jetpack-slideshow_slide swiper-slide\"><figure><img decoding=\"async\" width=\"768\" height=\"1024\" alt=\"\" class=\"wp-block-jetpack-slideshow_image wp-image-2091\" data-id=\"2091\" src=\"https:\/\/despensafranciscana.com\/wp-content\/uploads\/2021\/07\/IMG_4794-768x1024.jpeg\" srcset=\"https:\/\/despensafranciscana.com\/wp-content\/uploads\/2021\/07\/IMG_4794-768x1024.jpeg 768w, https:\/\/despensafranciscana.com\/wp-content\/uploads\/2021\/07\/IMG_4794-800x1067.jpeg 800w, https:\/\/despensafranciscana.com\/wp-content\/uploads\/2021\/07\/IMG_4794-225x300.jpeg 225w, https:\/\/despensafranciscana.com\/wp-content\/uploads\/2021\/07\/IMG_4794-1152x1536.jpeg 1152w, https:\/\/despensafranciscana.com\/wp-content\/uploads\/2021\/07\/IMG_4794-600x800.jpeg 600w, https:\/\/despensafranciscana.com\/wp-content\/uploads\/2021\/07\/IMG_4794-300x400.jpeg 300w, https:\/\/despensafranciscana.com\/wp-content\/uploads\/2021\/07\/IMG_4794.jpeg 1536w\" sizes=\"(max-width: 768px) 100vw, 768px\" \/><\/figure><\/li><li class=\"wp-block-jetpack-slideshow_slide swiper-slide\"><figure><img decoding=\"async\" width=\"768\" height=\"1024\" alt=\"\" class=\"wp-block-jetpack-slideshow_image wp-image-2092\" data-id=\"2092\" src=\"https:\/\/despensafranciscana.com\/wp-content\/uploads\/2021\/07\/IMG_4797-768x1024.jpeg\" srcset=\"https:\/\/despensafranciscana.com\/wp-content\/uploads\/2021\/07\/IMG_4797-768x1024.jpeg 768w, https:\/\/despensafranciscana.com\/wp-content\/uploads\/2021\/07\/IMG_4797-800x1067.jpeg 800w, https:\/\/despensafranciscana.com\/wp-content\/uploads\/2021\/07\/IMG_4797-225x300.jpeg 225w, https:\/\/despensafranciscana.com\/wp-content\/uploads\/2021\/07\/IMG_4797-1152x1536.jpeg 1152w, https:\/\/despensafranciscana.com\/wp-content\/uploads\/2021\/07\/IMG_4797-600x800.jpeg 600w, https:\/\/despensafranciscana.com\/wp-content\/uploads\/2021\/07\/IMG_4797-300x400.jpeg 300w, https:\/\/despensafranciscana.com\/wp-content\/uploads\/2021\/07\/IMG_4797.jpeg 1536w\" sizes=\"(max-width: 768px) 100vw, 768px\" \/><\/figure><\/li><li class=\"wp-block-jetpack-slideshow_slide swiper-slide\"><figure><img decoding=\"async\" width=\"768\" height=\"1024\" alt=\"\" class=\"wp-block-jetpack-slideshow_image wp-image-2093\" data-id=\"2093\" src=\"https:\/\/despensafranciscana.com\/wp-content\/uploads\/2021\/07\/IMG_4800-768x1024.jpeg\" srcset=\"https:\/\/despensafranciscana.com\/wp-content\/uploads\/2021\/07\/IMG_4800-768x1024.jpeg 768w, https:\/\/despensafranciscana.com\/wp-content\/uploads\/2021\/07\/IMG_4800-800x1067.jpeg 800w, https:\/\/despensafranciscana.com\/wp-content\/uploads\/2021\/07\/IMG_4800-225x300.jpeg 225w, https:\/\/despensafranciscana.com\/wp-content\/uploads\/2021\/07\/IMG_4800-1152x1536.jpeg 1152w, https:\/\/despensafranciscana.com\/wp-content\/uploads\/2021\/07\/IMG_4800-600x800.jpeg 600w, https:\/\/despensafranciscana.com\/wp-content\/uploads\/2021\/07\/IMG_4800-300x400.jpeg 300w, https:\/\/despensafranciscana.com\/wp-content\/uploads\/2021\/07\/IMG_4800.jpeg 1536w\" sizes=\"(max-width: 768px) 100vw, 768px\" \/><\/figure><\/li><li class=\"wp-block-jetpack-slideshow_slide swiper-slide\"><figure><img decoding=\"async\" width=\"768\" height=\"1024\" alt=\"\" class=\"wp-block-jetpack-slideshow_image wp-image-2094\" data-id=\"2094\" src=\"https:\/\/despensafranciscana.com\/wp-content\/uploads\/2021\/07\/IMG_4808-768x1024.jpeg\" srcset=\"https:\/\/despensafranciscana.com\/wp-content\/uploads\/2021\/07\/IMG_4808-768x1024.jpeg 768w, https:\/\/despensafranciscana.com\/wp-content\/uploads\/2021\/07\/IMG_4808-scaled-800x1067.jpeg 800w, https:\/\/despensafranciscana.com\/wp-content\/uploads\/2021\/07\/IMG_4808-225x300.jpeg 225w, https:\/\/despensafranciscana.com\/wp-content\/uploads\/2021\/07\/IMG_4808-1152x1536.jpeg 1152w, https:\/\/despensafranciscana.com\/wp-content\/uploads\/2021\/07\/IMG_4808-1536x2048.jpeg 1536w, https:\/\/despensafranciscana.com\/wp-content\/uploads\/2021\/07\/IMG_4808-600x800.jpeg 600w, https:\/\/despensafranciscana.com\/wp-content\/uploads\/2021\/07\/IMG_4808-300x400.jpeg 300w, https:\/\/despensafranciscana.com\/wp-content\/uploads\/2021\/07\/IMG_4808-scaled.jpeg 1920w\" sizes=\"(max-width: 768px) 100vw, 768px\" \/><\/figure><\/li><\/ul><a class=\"wp-block-jetpack-slideshow_button-prev swiper-button-prev swiper-button-white\" role=\"button\"><\/a><a class=\"wp-block-jetpack-slideshow_button-next swiper-button-next swiper-button-white\" role=\"button\"><\/a><a aria-label=\"Diashow pausieren\" class=\"wp-block-jetpack-slideshow_button-pause\" role=\"button\"><\/a><div class=\"wp-block-jetpack-slideshow_pagination swiper-pagination swiper-pagination-white\"><\/div><\/div><\/div>","protected":false},"excerpt":{"rendered":"<p>Wir haben mit dem Besitzer von Monte da Col\u00f3nia gesprochen!<\/p>","protected":false},"author":1,"featured_media":2061,"comment_status":"closed","ping_status":"open","sticky":false,"template":"","format":"standard","meta":{"footnotes":""},"categories":[56],"tags":[],"class_list":["post-2060","post","type-post","status-publish","format-standard","has-post-thumbnail","hentry","category-experiencias"],"yoast_head":"<!-- This site is optimized with the Yoast SEO plugin v27.4 - https:\/\/yoast.com\/product\/yoast-seo-wordpress\/ -->\n<title>Entrevista com Monte da Col\u00f3nia - Despensa Franciscana<\/title>\n<meta name=\"robots\" content=\"index, follow, max-snippet:-1, max-image-preview:large, max-video-preview:-1\" \/>\n<link rel=\"canonical\" href=\"https:\/\/despensafranciscana.com\/de\/2021\/07\/14\/entrevista-com-monte-da-colonia\/\" \/>\n<meta property=\"og:locale\" content=\"de_DE\" \/>\n<meta property=\"og:type\" content=\"article\" \/>\n<meta property=\"og:title\" content=\"Entrevista com Monte da Col\u00f3nia - Despensa Franciscana\" \/>\n<meta property=\"og:description\" content=\"Estivemos \u00e0 conversa com a propriet\u00e1ria do Monte da Col\u00f3nia!\" \/>\n<meta property=\"og:url\" content=\"https:\/\/despensafranciscana.com\/de\/2021\/07\/14\/entrevista-com-monte-da-colonia\/\" \/>\n<meta property=\"og:site_name\" content=\"Despensa Franciscana\" \/>\n<meta property=\"article:publisher\" content=\"https:\/\/www.facebook.com\/despensafranciscana\/\" \/>\n<meta property=\"article:published_time\" content=\"2021-07-14T11:25:53+00:00\" \/>\n<meta property=\"article:modified_time\" content=\"2025-03-05T09:52:27+00:00\" \/>\n<meta property=\"og:image\" content=\"https:\/\/despensafranciscana.com\/wp-content\/uploads\/2021\/07\/BANNER-BLOG-1.jpg\" \/>\n\t<meta property=\"og:image:width\" content=\"2000\" \/>\n\t<meta property=\"og:image:height\" content=\"968\" \/>\n\t<meta property=\"og:image:type\" content=\"image\/jpeg\" \/>\n<meta name=\"author\" content=\"despensa.admin\" \/>\n<meta name=\"twitter:card\" content=\"summary_large_image\" \/>\n<meta name=\"twitter:label1\" content=\"Verfasst von\" \/>\n\t<meta name=\"twitter:data1\" content=\"despensa.admin\" \/>\n\t<meta name=\"twitter:label2\" content=\"Gesch\u00e4tzte Lesezeit\" \/>\n\t<meta name=\"twitter:data2\" content=\"3\u00a0Minuten\" \/>\n<script type=\"application\/ld+json\" class=\"yoast-schema-graph\">{\"@context\":\"https:\\\/\\\/schema.org\",\"@graph\":[{\"@type\":\"Article\",\"@id\":\"https:\\\/\\\/despensafranciscana.com\\\/2021\\\/07\\\/14\\\/entrevista-com-monte-da-colonia\\\/#article\",\"isPartOf\":{\"@id\":\"https:\\\/\\\/despensafranciscana.com\\\/2021\\\/07\\\/14\\\/entrevista-com-monte-da-colonia\\\/\"},\"author\":{\"name\":\"despensa.admin\",\"@id\":\"https:\\\/\\\/despensafranciscana.com\\\/#\\\/schema\\\/person\\\/f1c27a2ed53e4fdea2da3bdffd88249b\"},\"headline\":\"Entrevista com Monte da Col\u00f3nia\",\"datePublished\":\"2021-07-14T11:25:53+00:00\",\"dateModified\":\"2025-03-05T09:52:27+00:00\",\"mainEntityOfPage\":{\"@id\":\"https:\\\/\\\/despensafranciscana.com\\\/2021\\\/07\\\/14\\\/entrevista-com-monte-da-colonia\\\/\"},\"wordCount\":652,\"publisher\":{\"@id\":\"https:\\\/\\\/despensafranciscana.com\\\/#organization\"},\"image\":{\"@id\":\"https:\\\/\\\/despensafranciscana.com\\\/2021\\\/07\\\/14\\\/entrevista-com-monte-da-colonia\\\/#primaryimage\"},\"thumbnailUrl\":\"https:\\\/\\\/despensafranciscana.com\\\/wp-content\\\/uploads\\\/2021\\\/07\\\/BANNER-BLOG-1.jpg\",\"articleSection\":[\"Experi\u00eancias\"],\"inLanguage\":\"de\"},{\"@type\":\"WebPage\",\"@id\":\"https:\\\/\\\/despensafranciscana.com\\\/2021\\\/07\\\/14\\\/entrevista-com-monte-da-colonia\\\/\",\"url\":\"https:\\\/\\\/despensafranciscana.com\\\/2021\\\/07\\\/14\\\/entrevista-com-monte-da-colonia\\\/\",\"name\":\"Entrevista com Monte da Col\u00f3nia - Despensa Franciscana\",\"isPartOf\":{\"@id\":\"https:\\\/\\\/despensafranciscana.com\\\/#website\"},\"primaryImageOfPage\":{\"@id\":\"https:\\\/\\\/despensafranciscana.com\\\/2021\\\/07\\\/14\\\/entrevista-com-monte-da-colonia\\\/#primaryimage\"},\"image\":{\"@id\":\"https:\\\/\\\/despensafranciscana.com\\\/2021\\\/07\\\/14\\\/entrevista-com-monte-da-colonia\\\/#primaryimage\"},\"thumbnailUrl\":\"https:\\\/\\\/despensafranciscana.com\\\/wp-content\\\/uploads\\\/2021\\\/07\\\/BANNER-BLOG-1.jpg\",\"datePublished\":\"2021-07-14T11:25:53+00:00\",\"dateModified\":\"2025-03-05T09:52:27+00:00\",\"breadcrumb\":{\"@id\":\"https:\\\/\\\/despensafranciscana.com\\\/2021\\\/07\\\/14\\\/entrevista-com-monte-da-colonia\\\/#breadcrumb\"},\"inLanguage\":\"de\",\"potentialAction\":[{\"@type\":\"ReadAction\",\"target\":[\"https:\\\/\\\/despensafranciscana.com\\\/2021\\\/07\\\/14\\\/entrevista-com-monte-da-colonia\\\/\"]}]},{\"@type\":\"ImageObject\",\"inLanguage\":\"de\",\"@id\":\"https:\\\/\\\/despensafranciscana.com\\\/2021\\\/07\\\/14\\\/entrevista-com-monte-da-colonia\\\/#primaryimage\",\"url\":\"https:\\\/\\\/despensafranciscana.com\\\/wp-content\\\/uploads\\\/2021\\\/07\\\/BANNER-BLOG-1.jpg\",\"contentUrl\":\"https:\\\/\\\/despensafranciscana.com\\\/wp-content\\\/uploads\\\/2021\\\/07\\\/BANNER-BLOG-1.jpg\",\"width\":2000,\"height\":968},{\"@type\":\"BreadcrumbList\",\"@id\":\"https:\\\/\\\/despensafranciscana.com\\\/2021\\\/07\\\/14\\\/entrevista-com-monte-da-colonia\\\/#breadcrumb\",\"itemListElement\":[{\"@type\":\"ListItem\",\"position\":1,\"name\":\"In\u00edcio\",\"item\":\"https:\\\/\\\/despensafranciscana.com\\\/\"},{\"@type\":\"ListItem\",\"position\":2,\"name\":\"Entrevista com Monte da Col\u00f3nia\"}]},{\"@type\":\"WebSite\",\"@id\":\"https:\\\/\\\/despensafranciscana.com\\\/#website\",\"url\":\"https:\\\/\\\/despensafranciscana.com\\\/\",\"name\":\"Despensa Franciscana\",\"description\":\"Despensa Franciscana\",\"publisher\":{\"@id\":\"https:\\\/\\\/despensafranciscana.com\\\/#organization\"},\"potentialAction\":[{\"@type\":\"SearchAction\",\"target\":{\"@type\":\"EntryPoint\",\"urlTemplate\":\"https:\\\/\\\/despensafranciscana.com\\\/?s={search_term_string}\"},\"query-input\":{\"@type\":\"PropertyValueSpecification\",\"valueRequired\":true,\"valueName\":\"search_term_string\"}}],\"inLanguage\":\"de\"},{\"@type\":\"Organization\",\"@id\":\"https:\\\/\\\/despensafranciscana.com\\\/#organization\",\"name\":\"Despensa Franciscana\",\"url\":\"https:\\\/\\\/despensafranciscana.com\\\/\",\"logo\":{\"@type\":\"ImageObject\",\"inLanguage\":\"de\",\"@id\":\"https:\\\/\\\/despensafranciscana.com\\\/#\\\/schema\\\/logo\\\/image\\\/\",\"url\":\"https:\\\/\\\/despensafranciscana.com\\\/wp-content\\\/uploads\\\/2025\\\/02\\\/despensa-franciscana-revamp-logos-8.png\",\"contentUrl\":\"https:\\\/\\\/despensafranciscana.com\\\/wp-content\\\/uploads\\\/2025\\\/02\\\/despensa-franciscana-revamp-logos-8.png\",\"width\":1920,\"height\":628,\"caption\":\"Despensa Franciscana\"},\"image\":{\"@id\":\"https:\\\/\\\/despensafranciscana.com\\\/#\\\/schema\\\/logo\\\/image\\\/\"},\"sameAs\":[\"https:\\\/\\\/www.facebook.com\\\/despensafranciscana\\\/\",\"https:\\\/\\\/www.instagram.com\\\/despensafranciscana\\\/\"]},{\"@type\":\"Person\",\"@id\":\"https:\\\/\\\/despensafranciscana.com\\\/#\\\/schema\\\/person\\\/f1c27a2ed53e4fdea2da3bdffd88249b\",\"name\":\"despensa.admin\",\"sameAs\":[\"https:\\\/\\\/despensafranciscana.com\"],\"url\":\"https:\\\/\\\/despensafranciscana.com\\\/de\\\/author\\\/despensa-admin\\\/\"}]}<\/script>\n<!-- \/ Yoast SEO plugin. -->","yoast_head_json":{"title":"Entrevista com Monte da Col\u00f3nia - Despensa Franciscana","robots":{"index":"index","follow":"follow","max-snippet":"max-snippet:-1","max-image-preview":"max-image-preview:large","max-video-preview":"max-video-preview:-1"},"canonical":"https:\/\/despensafranciscana.com\/de\/2021\/07\/14\/entrevista-com-monte-da-colonia\/","og_locale":"de_DE","og_type":"article","og_title":"Entrevista com Monte da Col\u00f3nia - Despensa Franciscana","og_description":"Estivemos \u00e0 conversa com a propriet\u00e1ria do Monte da Col\u00f3nia!","og_url":"https:\/\/despensafranciscana.com\/de\/2021\/07\/14\/entrevista-com-monte-da-colonia\/","og_site_name":"Despensa Franciscana","article_publisher":"https:\/\/www.facebook.com\/despensafranciscana\/","article_published_time":"2021-07-14T11:25:53+00:00","article_modified_time":"2025-03-05T09:52:27+00:00","og_image":[{"width":2000,"height":968,"url":"https:\/\/despensafranciscana.com\/wp-content\/uploads\/2021\/07\/BANNER-BLOG-1.jpg","type":"image\/jpeg"}],"author":"despensa.admin","twitter_card":"summary_large_image","twitter_misc":{"Verfasst von":"despensa.admin","Gesch\u00e4tzte Lesezeit":"3\u00a0Minuten"},"schema":{"@context":"https:\/\/schema.org","@graph":[{"@type":"Article","@id":"https:\/\/despensafranciscana.com\/2021\/07\/14\/entrevista-com-monte-da-colonia\/#article","isPartOf":{"@id":"https:\/\/despensafranciscana.com\/2021\/07\/14\/entrevista-com-monte-da-colonia\/"},"author":{"name":"despensa.admin","@id":"https:\/\/despensafranciscana.com\/#\/schema\/person\/f1c27a2ed53e4fdea2da3bdffd88249b"},"headline":"Entrevista com Monte da Col\u00f3nia","datePublished":"2021-07-14T11:25:53+00:00","dateModified":"2025-03-05T09:52:27+00:00","mainEntityOfPage":{"@id":"https:\/\/despensafranciscana.com\/2021\/07\/14\/entrevista-com-monte-da-colonia\/"},"wordCount":652,"publisher":{"@id":"https:\/\/despensafranciscana.com\/#organization"},"image":{"@id":"https:\/\/despensafranciscana.com\/2021\/07\/14\/entrevista-com-monte-da-colonia\/#primaryimage"},"thumbnailUrl":"https:\/\/despensafranciscana.com\/wp-content\/uploads\/2021\/07\/BANNER-BLOG-1.jpg","articleSection":["Experi\u00eancias"],"inLanguage":"de"},{"@type":"WebPage","@id":"https:\/\/despensafranciscana.com\/2021\/07\/14\/entrevista-com-monte-da-colonia\/","url":"https:\/\/despensafranciscana.com\/2021\/07\/14\/entrevista-com-monte-da-colonia\/","name":"Entrevista com Monte da Col\u00f3nia - Despensa Franciscana","isPartOf":{"@id":"https:\/\/despensafranciscana.com\/#website"},"primaryImageOfPage":{"@id":"https:\/\/despensafranciscana.com\/2021\/07\/14\/entrevista-com-monte-da-colonia\/#primaryimage"},"image":{"@id":"https:\/\/despensafranciscana.com\/2021\/07\/14\/entrevista-com-monte-da-colonia\/#primaryimage"},"thumbnailUrl":"https:\/\/despensafranciscana.com\/wp-content\/uploads\/2021\/07\/BANNER-BLOG-1.jpg","datePublished":"2021-07-14T11:25:53+00:00","dateModified":"2025-03-05T09:52:27+00:00","breadcrumb":{"@id":"https:\/\/despensafranciscana.com\/2021\/07\/14\/entrevista-com-monte-da-colonia\/#breadcrumb"},"inLanguage":"de","potentialAction":[{"@type":"ReadAction","target":["https:\/\/despensafranciscana.com\/2021\/07\/14\/entrevista-com-monte-da-colonia\/"]}]},{"@type":"ImageObject","inLanguage":"de","@id":"https:\/\/despensafranciscana.com\/2021\/07\/14\/entrevista-com-monte-da-colonia\/#primaryimage","url":"https:\/\/despensafranciscana.com\/wp-content\/uploads\/2021\/07\/BANNER-BLOG-1.jpg","contentUrl":"https:\/\/despensafranciscana.com\/wp-content\/uploads\/2021\/07\/BANNER-BLOG-1.jpg","width":2000,"height":968},{"@type":"BreadcrumbList","@id":"https:\/\/despensafranciscana.com\/2021\/07\/14\/entrevista-com-monte-da-colonia\/#breadcrumb","itemListElement":[{"@type":"ListItem","position":1,"name":"In\u00edcio","item":"https:\/\/despensafranciscana.com\/"},{"@type":"ListItem","position":2,"name":"Entrevista com Monte da Col\u00f3nia"}]},{"@type":"WebSite","@id":"https:\/\/despensafranciscana.com\/#website","url":"https:\/\/despensafranciscana.com\/","name":"Franziskanische Speisekammer","description":"Franziskanische Speisekammer","publisher":{"@id":"https:\/\/despensafranciscana.com\/#organization"},"potentialAction":[{"@type":"SearchAction","target":{"@type":"EntryPoint","urlTemplate":"https:\/\/despensafranciscana.com\/?s={search_term_string}"},"query-input":{"@type":"PropertyValueSpecification","valueRequired":true,"valueName":"search_term_string"}}],"inLanguage":"de"},{"@type":"Organization","@id":"https:\/\/despensafranciscana.com\/#organization","name":"Franziskanische Speisekammer","url":"https:\/\/despensafranciscana.com\/","logo":{"@type":"ImageObject","inLanguage":"de","@id":"https:\/\/despensafranciscana.com\/#\/schema\/logo\/image\/","url":"https:\/\/despensafranciscana.com\/wp-content\/uploads\/2025\/02\/despensa-franciscana-revamp-logos-8.png","contentUrl":"https:\/\/despensafranciscana.com\/wp-content\/uploads\/2025\/02\/despensa-franciscana-revamp-logos-8.png","width":1920,"height":628,"caption":"Despensa Franciscana"},"image":{"@id":"https:\/\/despensafranciscana.com\/#\/schema\/logo\/image\/"},"sameAs":["https:\/\/www.facebook.com\/despensafranciscana\/","https:\/\/www.instagram.com\/despensafranciscana\/"]},{"@type":"Person","@id":"https:\/\/despensafranciscana.com\/#\/schema\/person\/f1c27a2ed53e4fdea2da3bdffd88249b","name":"pantry.admin","sameAs":["https:\/\/despensafranciscana.com"],"url":"https:\/\/despensafranciscana.com\/de\/author\/despensa-admin\/"}]}},"_links":{"self":[{"href":"https:\/\/despensafranciscana.com\/de\/wp-json\/wp\/v2\/posts\/2060","targetHints":{"allow":["GET"]}}],"collection":[{"href":"https:\/\/despensafranciscana.com\/de\/wp-json\/wp\/v2\/posts"}],"about":[{"href":"https:\/\/despensafranciscana.com\/de\/wp-json\/wp\/v2\/types\/post"}],"author":[{"embeddable":true,"href":"https:\/\/despensafranciscana.com\/de\/wp-json\/wp\/v2\/users\/1"}],"replies":[{"embeddable":true,"href":"https:\/\/despensafranciscana.com\/de\/wp-json\/wp\/v2\/comments?post=2060"}],"version-history":[{"count":0,"href":"https:\/\/despensafranciscana.com\/de\/wp-json\/wp\/v2\/posts\/2060\/revisions"}],"wp:featuredmedia":[{"embeddable":true,"href":"https:\/\/despensafranciscana.com\/de\/wp-json\/wp\/v2\/media\/2061"}],"wp:attachment":[{"href":"https:\/\/despensafranciscana.com\/de\/wp-json\/wp\/v2\/media?parent=2060"}],"wp:term":[{"taxonomy":"category","embeddable":true,"href":"https:\/\/despensafranciscana.com\/de\/wp-json\/wp\/v2\/categories?post=2060"},{"taxonomy":"post_tag","embeddable":true,"href":"https:\/\/despensafranciscana.com\/de\/wp-json\/wp\/v2\/tags?post=2060"}],"curies":[{"name":"wp","href":"https:\/\/api.w.org\/{rel}","templated":true}]}}