{"id":16302,"date":"2024-03-05T18:20:53","date_gmt":"2024-03-05T18:20:53","guid":{"rendered":"https:\/\/despensafranciscana.com\/?p=16302"},"modified":"2024-03-05T18:30:37","modified_gmt":"2024-03-05T18:30:37","slug":"oficina-dart-by-susana-perpetua-ceramista","status":"publish","type":"post","link":"https:\/\/despensafranciscana.com\/de\/2024\/03\/05\/oficina-dart-by-susana-perpetua-ceramista\/","title":{"rendered":"OFICINA D'ART von Susana Perp\u00e9tua Keramikerin"},"content":{"rendered":"<p>Wir besuchten die Oficina d'Art von Susana Perp\u00e9tua und erfuhren etwas mehr \u00fcber die Geschichte dieser ber\u00fchmten Keramikerin aus Alto Alentejo.<\/p>\n\n\n\n<p>Susana, eine Ribatejo-Frau aus Santar\u00e9m, kam im Alter von nur drei Monaten mit ihrer Familie in den Alentejo, weil ihr Vater berufliche Verpflichtungen hatte, und blieb schlie\u00dflich hier und machte die Region zu ihrer Heimat.<\/p>\n\n\n\n<p>Ihre gesamte Jugend verbrachte sie in dem Dorf Comenda, und mit 17 Jahren verlie\u00df sie freiwillig den Alentejo, um zu arbeiten. Da sie sehr jung in den Arbeitsmarkt eintrat, arbeitete sie in vielen verschiedenen Bereichen, von Hotels bis zur Arbeit mit Kindern.<\/p>\n\n\n\n<p>Susana interessierte sich schon sehr fr\u00fch f\u00fcr die Kunst und wollte schon als kleines M\u00e4dchen nur malen, so dass sie ihre Schulb\u00fccher bald durch eine Schachtel mit Buntstiften und ein paar Blatt Papier ersetzte.<\/p>\n\n\n\n<p>Susana gestand uns, dass sie schon immer K\u00fcnstlerin werden wollte, ohne zu studieren, d.h. ihre Mutter hatte sie oft gedr\u00e4ngt zu studieren, obwohl sie K\u00fcnstlerin werden wollte, aber Susanas Respektlosigkeit sprach immer lauter und sie schaffte es, Wasser auf ihre M\u00fchle zu bringen.<\/p>\n\n\n\n<p>Nachdem er einige Jahre im Ausland gearbeitet hatte, kehrte er 1998 in den Alentejo zur\u00fcck, genauer gesagt in die Stadt Crato, und beschloss schlie\u00dflich, in Flor de Rosa an der renommierten T\u00f6pferschule einen Keramikkurs zu belegen. In dieser Schule lernte er alles \u00fcber Ton, aber nach dem Kurs konnte er nicht in diesem Bereich arbeiten, weil er damals Angst hatte, Risiken einzugehen.<\/p>\n\n\n\n<p>Aber der Drang war da und er kehrte an die T\u00f6pferschule zur\u00fcck, wo er mit dem Flor da Rosa-Ton zu arbeiten begann und mehr als 20 Jahre lang blieb.<\/p>\n\n\n\n<p>Sie lernte alles, was es zu lernen gab, begann zu unterrichten und bildete viele Menschen in dieser Kunst aus, die heute nur noch wenige Anh\u00e4nger hat und im Verschwinden begriffen ist, die aber einst f\u00fcr die Region sehr wichtig war. Susana sagt, dass sie in der Bl\u00fctezeit dieser Schule gearbeitet hat. Aus dieser Schule kamen St\u00fccke in allen Formen und Gr\u00f6\u00dfen, von T\u00f6pfen, Kr\u00fcgen, Pfannen, Br\u00e4tern, Sch\u00fcsseln und Kasserollen, die unter anderem die Restaurants und die nationale Gastronomie bereicherten, weil sie die Aromen und den Geschmack der Speisen hervorheben konnten.<\/p>\n\n\n\n<div class=\"wp-block-columns is-layout-flex wp-container-core-columns-is-layout-9d6595d7 wp-block-columns-is-layout-flex\">\n<div class=\"wp-block-column is-layout-flow wp-block-column-is-layout-flow\"><div class=\"wp-block-image\">\n<figure class=\"aligncenter size-large is-resized\"><img decoding=\"async\" width=\"987\" height=\"1024\" src=\"https:\/\/despensafranciscana.com\/wp-content\/uploads\/2024\/03\/DSC09881-2-987x1024.jpg\" alt=\"\" class=\"wp-image-16315\" style=\"width:690px;height:auto\" srcset=\"https:\/\/despensafranciscana.com\/wp-content\/uploads\/2024\/03\/DSC09881-2-987x1024.jpg 987w, https:\/\/despensafranciscana.com\/wp-content\/uploads\/2024\/03\/DSC09881-2-289x300.jpg 289w, https:\/\/despensafranciscana.com\/wp-content\/uploads\/2024\/03\/DSC09881-2-768x796.jpg 768w, https:\/\/despensafranciscana.com\/wp-content\/uploads\/2024\/03\/DSC09881-2-12x12.jpg 12w, https:\/\/despensafranciscana.com\/wp-content\/uploads\/2024\/03\/DSC09881-2-600x622.jpg 600w, https:\/\/despensafranciscana.com\/wp-content\/uploads\/2024\/03\/DSC09881-2-800x830.jpg 800w, https:\/\/despensafranciscana.com\/wp-content\/uploads\/2024\/03\/DSC09881-2.jpg 1000w\" sizes=\"(max-width: 987px) 100vw, 987px\" \/><\/figure>\n<\/div><\/div>\n<\/div>\n\n\n\n<div class=\"wp-block-columns is-layout-flex wp-container-core-columns-is-layout-9d6595d7 wp-block-columns-is-layout-flex\">\n<div class=\"wp-block-column is-layout-flow wp-block-column-is-layout-flow\"><div class=\"wp-block-image\">\n<figure class=\"alignright size-large is-resized\"><img decoding=\"async\" width=\"683\" height=\"1024\" src=\"https:\/\/despensafranciscana.com\/wp-content\/uploads\/2024\/03\/DSC09852-683x1024.jpg\" alt=\"\" class=\"wp-image-16305\" style=\"width:341px;height:auto\" srcset=\"https:\/\/despensafranciscana.com\/wp-content\/uploads\/2024\/03\/DSC09852-683x1024.jpg 683w, https:\/\/despensafranciscana.com\/wp-content\/uploads\/2024\/03\/DSC09852-200x300.jpg 200w, https:\/\/despensafranciscana.com\/wp-content\/uploads\/2024\/03\/DSC09852-768x1152.jpg 768w, https:\/\/despensafranciscana.com\/wp-content\/uploads\/2024\/03\/DSC09852-1024x1536.jpg 1024w, https:\/\/despensafranciscana.com\/wp-content\/uploads\/2024\/03\/DSC09852-1365x2048.jpg 1365w, https:\/\/despensafranciscana.com\/wp-content\/uploads\/2024\/03\/DSC09852-8x12.jpg 8w, https:\/\/despensafranciscana.com\/wp-content\/uploads\/2024\/03\/DSC09852-600x900.jpg 600w, https:\/\/despensafranciscana.com\/wp-content\/uploads\/2024\/03\/DSC09852-800x1200.jpg 800w, https:\/\/despensafranciscana.com\/wp-content\/uploads\/2024\/03\/DSC09852-scaled.jpg 1707w\" sizes=\"(max-width: 683px) 100vw, 683px\" \/><\/figure>\n<\/div><\/div>\n\n\n\n<div class=\"wp-block-column is-layout-flow wp-block-column-is-layout-flow\"><div class=\"wp-block-image\">\n<figure class=\"alignleft size-large is-resized\"><img decoding=\"async\" width=\"683\" height=\"1024\" src=\"https:\/\/despensafranciscana.com\/wp-content\/uploads\/2024\/03\/DSC09818-683x1024.jpg\" alt=\"\" class=\"wp-image-16306\" style=\"width:342px;height:auto\" srcset=\"https:\/\/despensafranciscana.com\/wp-content\/uploads\/2024\/03\/DSC09818-683x1024.jpg 683w, https:\/\/despensafranciscana.com\/wp-content\/uploads\/2024\/03\/DSC09818-200x300.jpg 200w, https:\/\/despensafranciscana.com\/wp-content\/uploads\/2024\/03\/DSC09818-768x1152.jpg 768w, https:\/\/despensafranciscana.com\/wp-content\/uploads\/2024\/03\/DSC09818-8x12.jpg 8w, https:\/\/despensafranciscana.com\/wp-content\/uploads\/2024\/03\/DSC09818-600x900.jpg 600w, https:\/\/despensafranciscana.com\/wp-content\/uploads\/2024\/03\/DSC09818-800x1200.jpg 800w, https:\/\/despensafranciscana.com\/wp-content\/uploads\/2024\/03\/DSC09818.jpg 1000w\" sizes=\"(max-width: 683px) 100vw, 683px\" \/><\/figure>\n<\/div><\/div>\n<\/div>\n\n\n\n<p>Da sie nicht aufgeben wollte und diese Kunst weiterf\u00fchren wollte, gr\u00fcndete und er\u00f6ffnete Susana 2022 ihr eigenes Atelier in dem Dorf G\u00e1fete, in dem sie heute lebt, und beschloss schlie\u00dflich, sich selbst\u00e4ndig zu machen.<\/p>\n\n\n\n<p>Susana ist bereits eine anerkannte Keramikerin und hat einen gro\u00dfen Kundenstamm nicht nur im Inland, sondern auch in anderen Teilen der Welt.<\/p>\n\n\n\n<p>Keramik ist ihre Leidenschaft, und Susana kann sich nichts anderes vorstellen als diese Kunst, die sie hoffentlich f\u00fcr den Rest ihres Lebens aus\u00fcben wird.<\/p>\n\n\n\n<p>Auf die Frage, was ihr an ihrem Handwerk am meisten Freude bereitet, antwortet sie, dass sie gerne den Alentejo malt, keine Wiederholungen mag und gerne modelliert.<\/p>\n\n\n\n<p>Die Kunst des Unterrichtens liegt ihr im Blut, seit sie an der T\u00f6pferschule Flor da Rosa unterrichtete. Heute gibt sie Fortbildungskurse an h\u00f6heren Universit\u00e4ten (ein Publikum, das sie sehr bewundert und dem sie eine besondere Zuneigung entgegenbringt), gibt Einzelunterricht und organisiert Workshops.<\/p>\n\n\n\n<p>Susana warnt vor der Notwendigkeit, diese Kunst fortzuf\u00fchren und fordert die j\u00fcngere Generation auf, sich die H\u00e4nde schmutzig zu machen und das Potenzial des Handwerks zu erleben.<\/p>\n\n\n\n<p>Es war ein Vergn\u00fcgen, Zeit mit dieser Keramikerin zu verbringen, ihre Geschichte und ihre Kunst n\u00e4her kennenzulernen, und wir konnten nicht widerstehen, Ihnen einige St\u00fccke mitzubringen, die wir hier auf der Website mit Ihnen teilen werden und die Sie kaufen k\u00f6nnen, wenn Sie sich genauso in sie verlieben wie wir!<\/p>\n\n\n\n<p>Wenn Sie eine Erfahrung mit Susana Perp\u00e9tua machen m\u00f6chten, finden Sie hier ihre Kontaktinformationen.<\/p>\n\n\n\n<p><\/p>\n\n\n\n<p><strong>Susana Perp\u00e9tua<\/strong><\/p>\n\n\n\n<p><strong>Tel. +351 966 355 917<\/strong><\/p>\n\n\n\n<div class=\"wp-block-columns is-layout-flex wp-container-core-columns-is-layout-9d6595d7 wp-block-columns-is-layout-flex\">\n<div class=\"wp-block-column is-layout-flow wp-block-column-is-layout-flow\">\n<figure class=\"wp-block-image size-large\"><img decoding=\"async\" width=\"683\" height=\"1024\" src=\"https:\/\/despensafranciscana.com\/wp-content\/uploads\/2024\/03\/DSC09901-683x1024.jpg\" alt=\"\" class=\"wp-image-16307\" srcset=\"https:\/\/despensafranciscana.com\/wp-content\/uploads\/2024\/03\/DSC09901-683x1024.jpg 683w, https:\/\/despensafranciscana.com\/wp-content\/uploads\/2024\/03\/DSC09901-200x300.jpg 200w, https:\/\/despensafranciscana.com\/wp-content\/uploads\/2024\/03\/DSC09901-768x1152.jpg 768w, https:\/\/despensafranciscana.com\/wp-content\/uploads\/2024\/03\/DSC09901-8x12.jpg 8w, https:\/\/despensafranciscana.com\/wp-content\/uploads\/2024\/03\/DSC09901-600x900.jpg 600w, https:\/\/despensafranciscana.com\/wp-content\/uploads\/2024\/03\/DSC09901-800x1200.jpg 800w, https:\/\/despensafranciscana.com\/wp-content\/uploads\/2024\/03\/DSC09901.jpg 1000w\" sizes=\"(max-width: 683px) 100vw, 683px\" \/><\/figure>\n<\/div>\n\n\n\n<div class=\"wp-block-column is-layout-flow wp-block-column-is-layout-flow\">\n<figure class=\"wp-block-image size-large\"><img decoding=\"async\" width=\"683\" height=\"1024\" src=\"https:\/\/despensafranciscana.com\/wp-content\/uploads\/2024\/03\/DSC09912-683x1024.jpg\" alt=\"\" class=\"wp-image-16308\" srcset=\"https:\/\/despensafranciscana.com\/wp-content\/uploads\/2024\/03\/DSC09912-683x1024.jpg 683w, https:\/\/despensafranciscana.com\/wp-content\/uploads\/2024\/03\/DSC09912-200x300.jpg 200w, https:\/\/despensafranciscana.com\/wp-content\/uploads\/2024\/03\/DSC09912-768x1152.jpg 768w, https:\/\/despensafranciscana.com\/wp-content\/uploads\/2024\/03\/DSC09912-8x12.jpg 8w, https:\/\/despensafranciscana.com\/wp-content\/uploads\/2024\/03\/DSC09912-600x900.jpg 600w, https:\/\/despensafranciscana.com\/wp-content\/uploads\/2024\/03\/DSC09912-800x1200.jpg 800w, https:\/\/despensafranciscana.com\/wp-content\/uploads\/2024\/03\/DSC09912.jpg 1000w\" sizes=\"(max-width: 683px) 100vw, 683px\" \/><\/figure>\n<\/div>\n\n\n\n<div class=\"wp-block-column is-layout-flow wp-block-column-is-layout-flow\">\n<figure class=\"wp-block-image size-large\"><img decoding=\"async\" width=\"683\" height=\"1024\" src=\"https:\/\/despensafranciscana.com\/wp-content\/uploads\/2024\/03\/DSC09761-683x1024.jpg\" alt=\"\" class=\"wp-image-16309\" srcset=\"https:\/\/despensafranciscana.com\/wp-content\/uploads\/2024\/03\/DSC09761-683x1024.jpg 683w, https:\/\/despensafranciscana.com\/wp-content\/uploads\/2024\/03\/DSC09761-200x300.jpg 200w, https:\/\/despensafranciscana.com\/wp-content\/uploads\/2024\/03\/DSC09761-768x1152.jpg 768w, https:\/\/despensafranciscana.com\/wp-content\/uploads\/2024\/03\/DSC09761-8x12.jpg 8w, https:\/\/despensafranciscana.com\/wp-content\/uploads\/2024\/03\/DSC09761-600x900.jpg 600w, https:\/\/despensafranciscana.com\/wp-content\/uploads\/2024\/03\/DSC09761-800x1200.jpg 800w, https:\/\/despensafranciscana.com\/wp-content\/uploads\/2024\/03\/DSC09761.jpg 1000w\" sizes=\"(max-width: 683px) 100vw, 683px\" \/><\/figure>\n<\/div>\n<\/div>\n\n\n\n<div class=\"wp-block-columns is-layout-flex wp-container-core-columns-is-layout-9d6595d7 wp-block-columns-is-layout-flex\">\n<div class=\"wp-block-column is-layout-flow wp-block-column-is-layout-flow\"><div data-block-name=\"woocommerce\/featured-product\" data-edit-mode=\"false\" data-product-id=\"16311\" class=\"wc-block-featured-product alignnone has-background-dim wp-block-woocommerce-featured-product\" style=\"min-height:500px;\"><div class=\"wc-block-featured-product__wrapper\"><div class=\"background-dim__overlay\" style=\"background-color: #000000\"><\/div><img decoding=\"async\" alt=\"Bases de Barro\" class=\"wc-block-featured-product__background-image\" src=\"https:\/\/despensafranciscana.com\/wp-content\/uploads\/2024\/03\/1-1024x1024.png\" style=\"object-fit: none;object-position: 50% 50%;\" \/><h2 class=\"wc-block-featured-product__title\">Bases de Barro<\/h2><div class=\"wc-block-featured-product__description\"><p>Untersetzer aus Keramik mit Motiven aus dem Alentejo, ideal f\u00fcr den Tisch mit K\u00e4se, Wurst, Salzgeb\u00e4ck usw. Ein sch\u00f6nes und unverwechselbares St\u00fcck, das den Unterschied auf einem typisch portugiesischen Tisch ausmacht. Die Untersetzer werden von der Keramikerin Susana Perp\u00e9tua handgefertigt und auf Bestellung hergestellt.<\/p>\n<\/div><div class=\"wc-block-featured-product__price\"><ins class=\"h3\"><span class=\"woocommerce-Price-amount amount\">12,00<span class=\"woocommerce-Price-currencySymbol\">\u20ac<\/span><\/span><\/ins><\/div><div class=\"wc-block-featured-product__inner-blocks\">\n\n<div class=\"wp-block-buttons is-content-justification-center is-layout-flex wp-container-core-buttons-is-layout-16018d1d wp-block-buttons-is-layout-flex\">\n<div class=\"wp-block-button\"><a class=\"wp-block-button__link wp-element-button\" href=\"https:\/\/despensafranciscana.com\/de\/produkt\/bases-para-frios\/\">Jetzt kaufen<\/a><\/div>\n<\/div>\n\n<\/div><\/div><\/div><\/div>\n\n\n\n<div class=\"wp-block-column is-layout-flow wp-block-column-is-layout-flow\"><div data-block-name=\"woocommerce\/featured-product\" data-edit-mode=\"false\" data-product-id=\"16323\" class=\"wc-block-featured-product alignnone has-background-dim wp-block-woocommerce-featured-product\" style=\"min-height:500px;\"><div class=\"wc-block-featured-product__wrapper\"><div class=\"background-dim__overlay\" style=\"background-color: #000000\"><\/div><img decoding=\"async\" alt=\"Conjunto 3 travessas de cer\u00e2mica\" class=\"wc-block-featured-product__background-image\" src=\"https:\/\/despensafranciscana.com\/wp-content\/uploads\/2024\/03\/9-1024x1024.png\" style=\"object-fit: none;object-position: 50% 50%;\" \/><h2 class=\"wc-block-featured-product__title\">Conjunto 3 travessas de cer\u00e2mica<\/h2><div class=\"wc-block-featured-product__description\"><p>Gepr\u00e4gte Keramikplatten, ideal zum Servieren von Vorspeisen, Hauptgerichten oder Beilagen am Tisch. Ein elegantes Set, das den portugiesischen Tellern und Tischen einen besonderen Glanz verleihen wird.<br \/>\nDie Platten werden von der Keramikerin Susana Perp\u00e9tua handgefertigt und auf Bestellung produziert.<br \/>\nPreis f\u00fcr einen Satz von 3 Schwellen<br \/>\nGr\u00f6\u00dfe: 20cm\/25cm\/30cm<\/p>\n<\/div><div class=\"wc-block-featured-product__price\"><ins class=\"h3\"><span class=\"woocommerce-Price-amount amount\">42,00<span class=\"woocommerce-Price-currencySymbol\">\u20ac<\/span><\/span><\/ins><\/div><div class=\"wc-block-featured-product__inner-blocks\">\n\n<div class=\"wp-block-buttons is-content-justification-center is-layout-flex wp-container-core-buttons-is-layout-16018d1d wp-block-buttons-is-layout-flex\">\n<div class=\"wp-block-button\"><a class=\"wp-block-button__link wp-element-button\" href=\"https:\/\/despensafranciscana.com\/de\/produkt\/conjunto-travessas\/\">Jetzt kaufen<\/a><\/div>\n<\/div>\n\n<\/div><\/div><\/div><\/div>\n<\/div>","protected":false},"excerpt":{"rendered":"<p>Fomos visitar a Oficina d\u00b4Art de Susana Perp\u00e9tua e conhecer um pouco mais da hist\u00f3ria desta reconhecida ceramista do Alto [&hellip;]<\/p>\n","protected":false},"author":1,"featured_media":16303,"comment_status":"closed","ping_status":"closed","sticky":false,"template":"","format":"standard","meta":{"footnotes":""},"categories":[56],"tags":[],"class_list":["post-16302","post","type-post","status-publish","format-standard","has-post-thumbnail","hentry","category-experiencias"],"yoast_head":"<!-- This site is optimized with the Yoast SEO plugin v27.4 - https:\/\/yoast.com\/product\/yoast-seo-wordpress\/ -->\n<title>OFICINA D\u00b4ART by Susana Perp\u00e9tua ceramista - Despensa Franciscana<\/title>\n<meta name=\"robots\" content=\"index, follow, max-snippet:-1, max-image-preview:large, max-video-preview:-1\" \/>\n<link rel=\"canonical\" href=\"https:\/\/despensafranciscana.com\/de\/2024\/03\/05\/oficina-dart-by-susana-perpetua-ceramista\/\" \/>\n<meta property=\"og:locale\" content=\"de_DE\" \/>\n<meta property=\"og:type\" content=\"article\" \/>\n<meta property=\"og:title\" content=\"OFICINA D\u00b4ART by Susana Perp\u00e9tua ceramista - Despensa Franciscana\" \/>\n<meta property=\"og:description\" content=\"Fomos visitar a Oficina d\u00b4Art de Susana Perp\u00e9tua e conhecer um pouco mais da hist\u00f3ria desta reconhecida ceramista do Alto [&hellip;]\" \/>\n<meta property=\"og:url\" content=\"https:\/\/despensafranciscana.com\/de\/2024\/03\/05\/oficina-dart-by-susana-perpetua-ceramista\/\" \/>\n<meta property=\"og:site_name\" content=\"Despensa Franciscana\" \/>\n<meta property=\"article:publisher\" content=\"https:\/\/www.facebook.com\/despensafranciscana\/\" \/>\n<meta property=\"article:published_time\" content=\"2024-03-05T18:20:53+00:00\" \/>\n<meta property=\"article:modified_time\" content=\"2024-03-05T18:30:37+00:00\" \/>\n<meta property=\"og:image\" content=\"https:\/\/despensafranciscana.com\/wp-content\/uploads\/2024\/03\/DSC09805.jpg\" \/>\n\t<meta property=\"og:image:width\" content=\"1024\" \/>\n\t<meta property=\"og:image:height\" content=\"1536\" \/>\n\t<meta property=\"og:image:type\" content=\"image\/jpeg\" \/>\n<meta name=\"author\" content=\"despensa.admin\" \/>\n<meta name=\"twitter:card\" content=\"summary_large_image\" \/>\n<meta name=\"twitter:label1\" content=\"Verfasst von\" \/>\n\t<meta name=\"twitter:data1\" content=\"despensa.admin\" \/>\n\t<meta name=\"twitter:label2\" content=\"Gesch\u00e4tzte Lesezeit\" \/>\n\t<meta name=\"twitter:data2\" content=\"3\u00a0Minuten\" \/>\n<script type=\"application\/ld+json\" class=\"yoast-schema-graph\">{\"@context\":\"https:\\\/\\\/schema.org\",\"@graph\":[{\"@type\":\"Article\",\"@id\":\"https:\\\/\\\/despensafranciscana.com\\\/2024\\\/03\\\/05\\\/oficina-dart-by-susana-perpetua-ceramista\\\/#article\",\"isPartOf\":{\"@id\":\"https:\\\/\\\/despensafranciscana.com\\\/2024\\\/03\\\/05\\\/oficina-dart-by-susana-perpetua-ceramista\\\/\"},\"author\":{\"name\":\"despensa.admin\",\"@id\":\"https:\\\/\\\/despensafranciscana.com\\\/#\\\/schema\\\/person\\\/f1c27a2ed53e4fdea2da3bdffd88249b\"},\"headline\":\"OFICINA D\u00b4ART by Susana Perp\u00e9tua ceramista\",\"datePublished\":\"2024-03-05T18:20:53+00:00\",\"dateModified\":\"2024-03-05T18:30:37+00:00\",\"mainEntityOfPage\":{\"@id\":\"https:\\\/\\\/despensafranciscana.com\\\/2024\\\/03\\\/05\\\/oficina-dart-by-susana-perpetua-ceramista\\\/\"},\"wordCount\":672,\"publisher\":{\"@id\":\"https:\\\/\\\/despensafranciscana.com\\\/#organization\"},\"image\":{\"@id\":\"https:\\\/\\\/despensafranciscana.com\\\/2024\\\/03\\\/05\\\/oficina-dart-by-susana-perpetua-ceramista\\\/#primaryimage\"},\"thumbnailUrl\":\"https:\\\/\\\/despensafranciscana.com\\\/wp-content\\\/uploads\\\/2024\\\/03\\\/DSC09805.jpg\",\"articleSection\":[\"Experi\u00eancias\"],\"inLanguage\":\"de\"},{\"@type\":\"WebPage\",\"@id\":\"https:\\\/\\\/despensafranciscana.com\\\/2024\\\/03\\\/05\\\/oficina-dart-by-susana-perpetua-ceramista\\\/\",\"url\":\"https:\\\/\\\/despensafranciscana.com\\\/2024\\\/03\\\/05\\\/oficina-dart-by-susana-perpetua-ceramista\\\/\",\"name\":\"OFICINA D\u00b4ART by Susana Perp\u00e9tua ceramista - Despensa Franciscana\",\"isPartOf\":{\"@id\":\"https:\\\/\\\/despensafranciscana.com\\\/#website\"},\"primaryImageOfPage\":{\"@id\":\"https:\\\/\\\/despensafranciscana.com\\\/2024\\\/03\\\/05\\\/oficina-dart-by-susana-perpetua-ceramista\\\/#primaryimage\"},\"image\":{\"@id\":\"https:\\\/\\\/despensafranciscana.com\\\/2024\\\/03\\\/05\\\/oficina-dart-by-susana-perpetua-ceramista\\\/#primaryimage\"},\"thumbnailUrl\":\"https:\\\/\\\/despensafranciscana.com\\\/wp-content\\\/uploads\\\/2024\\\/03\\\/DSC09805.jpg\",\"datePublished\":\"2024-03-05T18:20:53+00:00\",\"dateModified\":\"2024-03-05T18:30:37+00:00\",\"breadcrumb\":{\"@id\":\"https:\\\/\\\/despensafranciscana.com\\\/2024\\\/03\\\/05\\\/oficina-dart-by-susana-perpetua-ceramista\\\/#breadcrumb\"},\"inLanguage\":\"de\",\"potentialAction\":[{\"@type\":\"ReadAction\",\"target\":[\"https:\\\/\\\/despensafranciscana.com\\\/2024\\\/03\\\/05\\\/oficina-dart-by-susana-perpetua-ceramista\\\/\"]}]},{\"@type\":\"ImageObject\",\"inLanguage\":\"de\",\"@id\":\"https:\\\/\\\/despensafranciscana.com\\\/2024\\\/03\\\/05\\\/oficina-dart-by-susana-perpetua-ceramista\\\/#primaryimage\",\"url\":\"https:\\\/\\\/despensafranciscana.com\\\/wp-content\\\/uploads\\\/2024\\\/03\\\/DSC09805.jpg\",\"contentUrl\":\"https:\\\/\\\/despensafranciscana.com\\\/wp-content\\\/uploads\\\/2024\\\/03\\\/DSC09805.jpg\",\"width\":1024,\"height\":1536},{\"@type\":\"BreadcrumbList\",\"@id\":\"https:\\\/\\\/despensafranciscana.com\\\/2024\\\/03\\\/05\\\/oficina-dart-by-susana-perpetua-ceramista\\\/#breadcrumb\",\"itemListElement\":[{\"@type\":\"ListItem\",\"position\":1,\"name\":\"In\u00edcio\",\"item\":\"https:\\\/\\\/despensafranciscana.com\\\/\"},{\"@type\":\"ListItem\",\"position\":2,\"name\":\"OFICINA D\u00b4ART by Susana Perp\u00e9tua ceramista\"}]},{\"@type\":\"WebSite\",\"@id\":\"https:\\\/\\\/despensafranciscana.com\\\/#website\",\"url\":\"https:\\\/\\\/despensafranciscana.com\\\/\",\"name\":\"Despensa Franciscana\",\"description\":\"Despensa Franciscana\",\"publisher\":{\"@id\":\"https:\\\/\\\/despensafranciscana.com\\\/#organization\"},\"potentialAction\":[{\"@type\":\"SearchAction\",\"target\":{\"@type\":\"EntryPoint\",\"urlTemplate\":\"https:\\\/\\\/despensafranciscana.com\\\/?s={search_term_string}\"},\"query-input\":{\"@type\":\"PropertyValueSpecification\",\"valueRequired\":true,\"valueName\":\"search_term_string\"}}],\"inLanguage\":\"de\"},{\"@type\":\"Organization\",\"@id\":\"https:\\\/\\\/despensafranciscana.com\\\/#organization\",\"name\":\"Despensa Franciscana\",\"url\":\"https:\\\/\\\/despensafranciscana.com\\\/\",\"logo\":{\"@type\":\"ImageObject\",\"inLanguage\":\"de\",\"@id\":\"https:\\\/\\\/despensafranciscana.com\\\/#\\\/schema\\\/logo\\\/image\\\/\",\"url\":\"https:\\\/\\\/despensafranciscana.com\\\/wp-content\\\/uploads\\\/2025\\\/02\\\/despensa-franciscana-revamp-logos-8.png\",\"contentUrl\":\"https:\\\/\\\/despensafranciscana.com\\\/wp-content\\\/uploads\\\/2025\\\/02\\\/despensa-franciscana-revamp-logos-8.png\",\"width\":1920,\"height\":628,\"caption\":\"Despensa Franciscana\"},\"image\":{\"@id\":\"https:\\\/\\\/despensafranciscana.com\\\/#\\\/schema\\\/logo\\\/image\\\/\"},\"sameAs\":[\"https:\\\/\\\/www.facebook.com\\\/despensafranciscana\\\/\",\"https:\\\/\\\/www.instagram.com\\\/despensafranciscana\\\/\"]},{\"@type\":\"Person\",\"@id\":\"https:\\\/\\\/despensafranciscana.com\\\/#\\\/schema\\\/person\\\/f1c27a2ed53e4fdea2da3bdffd88249b\",\"name\":\"despensa.admin\",\"sameAs\":[\"https:\\\/\\\/despensafranciscana.com\"],\"url\":\"https:\\\/\\\/despensafranciscana.com\\\/de\\\/author\\\/despensa-admin\\\/\"}]}<\/script>\n<!-- \/ Yoast SEO plugin. -->","yoast_head_json":{"title":"OFICINA D\u00b4ART by Susana Perp\u00e9tua ceramista - Despensa Franciscana","robots":{"index":"index","follow":"follow","max-snippet":"max-snippet:-1","max-image-preview":"max-image-preview:large","max-video-preview":"max-video-preview:-1"},"canonical":"https:\/\/despensafranciscana.com\/de\/2024\/03\/05\/oficina-dart-by-susana-perpetua-ceramista\/","og_locale":"de_DE","og_type":"article","og_title":"OFICINA D\u00b4ART by Susana Perp\u00e9tua ceramista - Despensa Franciscana","og_description":"Fomos visitar a Oficina d\u00b4Art de Susana Perp\u00e9tua e conhecer um pouco mais da hist\u00f3ria desta reconhecida ceramista do Alto [&hellip;]","og_url":"https:\/\/despensafranciscana.com\/de\/2024\/03\/05\/oficina-dart-by-susana-perpetua-ceramista\/","og_site_name":"Despensa Franciscana","article_publisher":"https:\/\/www.facebook.com\/despensafranciscana\/","article_published_time":"2024-03-05T18:20:53+00:00","article_modified_time":"2024-03-05T18:30:37+00:00","og_image":[{"width":1024,"height":1536,"url":"https:\/\/despensafranciscana.com\/wp-content\/uploads\/2024\/03\/DSC09805.jpg","type":"image\/jpeg"}],"author":"despensa.admin","twitter_card":"summary_large_image","twitter_misc":{"Verfasst von":"despensa.admin","Gesch\u00e4tzte Lesezeit":"3\u00a0Minuten"},"schema":{"@context":"https:\/\/schema.org","@graph":[{"@type":"Article","@id":"https:\/\/despensafranciscana.com\/2024\/03\/05\/oficina-dart-by-susana-perpetua-ceramista\/#article","isPartOf":{"@id":"https:\/\/despensafranciscana.com\/2024\/03\/05\/oficina-dart-by-susana-perpetua-ceramista\/"},"author":{"name":"despensa.admin","@id":"https:\/\/despensafranciscana.com\/#\/schema\/person\/f1c27a2ed53e4fdea2da3bdffd88249b"},"headline":"OFICINA D\u00b4ART by Susana Perp\u00e9tua ceramista","datePublished":"2024-03-05T18:20:53+00:00","dateModified":"2024-03-05T18:30:37+00:00","mainEntityOfPage":{"@id":"https:\/\/despensafranciscana.com\/2024\/03\/05\/oficina-dart-by-susana-perpetua-ceramista\/"},"wordCount":672,"publisher":{"@id":"https:\/\/despensafranciscana.com\/#organization"},"image":{"@id":"https:\/\/despensafranciscana.com\/2024\/03\/05\/oficina-dart-by-susana-perpetua-ceramista\/#primaryimage"},"thumbnailUrl":"https:\/\/despensafranciscana.com\/wp-content\/uploads\/2024\/03\/DSC09805.jpg","articleSection":["Experi\u00eancias"],"inLanguage":"de"},{"@type":"WebPage","@id":"https:\/\/despensafranciscana.com\/2024\/03\/05\/oficina-dart-by-susana-perpetua-ceramista\/","url":"https:\/\/despensafranciscana.com\/2024\/03\/05\/oficina-dart-by-susana-perpetua-ceramista\/","name":"OFICINA D\u00b4ART by Susana Perp\u00e9tua ceramista - Despensa Franciscana","isPartOf":{"@id":"https:\/\/despensafranciscana.com\/#website"},"primaryImageOfPage":{"@id":"https:\/\/despensafranciscana.com\/2024\/03\/05\/oficina-dart-by-susana-perpetua-ceramista\/#primaryimage"},"image":{"@id":"https:\/\/despensafranciscana.com\/2024\/03\/05\/oficina-dart-by-susana-perpetua-ceramista\/#primaryimage"},"thumbnailUrl":"https:\/\/despensafranciscana.com\/wp-content\/uploads\/2024\/03\/DSC09805.jpg","datePublished":"2024-03-05T18:20:53+00:00","dateModified":"2024-03-05T18:30:37+00:00","breadcrumb":{"@id":"https:\/\/despensafranciscana.com\/2024\/03\/05\/oficina-dart-by-susana-perpetua-ceramista\/#breadcrumb"},"inLanguage":"de","potentialAction":[{"@type":"ReadAction","target":["https:\/\/despensafranciscana.com\/2024\/03\/05\/oficina-dart-by-susana-perpetua-ceramista\/"]}]},{"@type":"ImageObject","inLanguage":"de","@id":"https:\/\/despensafranciscana.com\/2024\/03\/05\/oficina-dart-by-susana-perpetua-ceramista\/#primaryimage","url":"https:\/\/despensafranciscana.com\/wp-content\/uploads\/2024\/03\/DSC09805.jpg","contentUrl":"https:\/\/despensafranciscana.com\/wp-content\/uploads\/2024\/03\/DSC09805.jpg","width":1024,"height":1536},{"@type":"BreadcrumbList","@id":"https:\/\/despensafranciscana.com\/2024\/03\/05\/oficina-dart-by-susana-perpetua-ceramista\/#breadcrumb","itemListElement":[{"@type":"ListItem","position":1,"name":"In\u00edcio","item":"https:\/\/despensafranciscana.com\/"},{"@type":"ListItem","position":2,"name":"OFICINA D\u00b4ART by Susana Perp\u00e9tua ceramista"}]},{"@type":"WebSite","@id":"https:\/\/despensafranciscana.com\/#website","url":"https:\/\/despensafranciscana.com\/","name":"Franziskanische Speisekammer","description":"Franziskanische Speisekammer","publisher":{"@id":"https:\/\/despensafranciscana.com\/#organization"},"potentialAction":[{"@type":"SearchAction","target":{"@type":"EntryPoint","urlTemplate":"https:\/\/despensafranciscana.com\/?s={search_term_string}"},"query-input":{"@type":"PropertyValueSpecification","valueRequired":true,"valueName":"search_term_string"}}],"inLanguage":"de"},{"@type":"Organization","@id":"https:\/\/despensafranciscana.com\/#organization","name":"Franziskanische Speisekammer","url":"https:\/\/despensafranciscana.com\/","logo":{"@type":"ImageObject","inLanguage":"de","@id":"https:\/\/despensafranciscana.com\/#\/schema\/logo\/image\/","url":"https:\/\/despensafranciscana.com\/wp-content\/uploads\/2025\/02\/despensa-franciscana-revamp-logos-8.png","contentUrl":"https:\/\/despensafranciscana.com\/wp-content\/uploads\/2025\/02\/despensa-franciscana-revamp-logos-8.png","width":1920,"height":628,"caption":"Despensa Franciscana"},"image":{"@id":"https:\/\/despensafranciscana.com\/#\/schema\/logo\/image\/"},"sameAs":["https:\/\/www.facebook.com\/despensafranciscana\/","https:\/\/www.instagram.com\/despensafranciscana\/"]},{"@type":"Person","@id":"https:\/\/despensafranciscana.com\/#\/schema\/person\/f1c27a2ed53e4fdea2da3bdffd88249b","name":"pantry.admin","sameAs":["https:\/\/despensafranciscana.com"],"url":"https:\/\/despensafranciscana.com\/de\/author\/despensa-admin\/"}]}},"_links":{"self":[{"href":"https:\/\/despensafranciscana.com\/de\/wp-json\/wp\/v2\/posts\/16302","targetHints":{"allow":["GET"]}}],"collection":[{"href":"https:\/\/despensafranciscana.com\/de\/wp-json\/wp\/v2\/posts"}],"about":[{"href":"https:\/\/despensafranciscana.com\/de\/wp-json\/wp\/v2\/types\/post"}],"author":[{"embeddable":true,"href":"https:\/\/despensafranciscana.com\/de\/wp-json\/wp\/v2\/users\/1"}],"replies":[{"embeddable":true,"href":"https:\/\/despensafranciscana.com\/de\/wp-json\/wp\/v2\/comments?post=16302"}],"version-history":[{"count":0,"href":"https:\/\/despensafranciscana.com\/de\/wp-json\/wp\/v2\/posts\/16302\/revisions"}],"wp:featuredmedia":[{"embeddable":true,"href":"https:\/\/despensafranciscana.com\/de\/wp-json\/wp\/v2\/media\/16303"}],"wp:attachment":[{"href":"https:\/\/despensafranciscana.com\/de\/wp-json\/wp\/v2\/media?parent=16302"}],"wp:term":[{"taxonomy":"category","embeddable":true,"href":"https:\/\/despensafranciscana.com\/de\/wp-json\/wp\/v2\/categories?post=16302"},{"taxonomy":"post_tag","embeddable":true,"href":"https:\/\/despensafranciscana.com\/de\/wp-json\/wp\/v2\/tags?post=16302"}],"curies":[{"name":"wp","href":"https:\/\/api.w.org\/{rel}","templated":true}]}}